{"id":20269,"date":"2014-05-22T14:34:10","date_gmt":"2014-05-22T19:34:10","guid":{"rendered":"http:\/\/www.ambiente.gob.ec\/?p=20269"},"modified":"2014-05-22T14:35:37","modified_gmt":"2014-05-22T19:35:37","slug":"curiquingue-fue-rescatado-en-cotopaxi","status":"publish","type":"post","link":"https:\/\/www.ambienteyenergia.gob.ec\/ambiente\/curiquingue-fue-rescatado-en-cotopaxi\/","title":{"rendered":"Curiquingue fue rescatado en Cotopaxi"},"content":{"rendered":"<p style=\"text-align: justify;\">El Ministerio del Ambiente (MAE), en coordinaci\u00f3n con la Unidad de Protecci\u00f3n del Medio Ambiente de la Polic\u00eda Nacional, rescat\u00f3 a un curiquingue (Phalcoboenus carunculatus) que se encontraba en el sector de San Felipe, perteneciente a la Parroquia Eloy Alfaro, en la provincia de Cotopaxi.<\/p>\n<p>El ejemplar permanec\u00eda en un domicilio de la zona como mascota. Si bien, el ave no fue maltratada y se encontraba en buenas condiciones, el ambiente en el que estaba no es el m\u00e1s apropiado para su desarrollo. Por esta raz\u00f3n, t\u00e9cnicos del MAE se movilizaron al lugar para verificar su estado de salud.<\/p>\n<p>Luego de una breve revisi\u00f3n, el curiquingue fue trasladado al Zoologico Agrinag \u2013 Terra Cultivos, centro ubicado en la parroquia Jos\u00e9 Guango Bajo, para una\u00a0 evaluaci\u00f3n veterinaria despu\u00e9s de la cual se determinar\u00e1 si es posible o no reinsertarlo.<\/p>\n<p>El h\u00e1bitat natural de este esp\u00e9cimen es en la cordillera de los andes, en la regi\u00f3n interandina. Se los puede hallar en las tres regiones del Ecuador, pero el Parque Nacional Cotopaxi es el \u00e1rea m\u00e1s propicia, por estar rodeado de zonas como sabanas, pastizales, superficies de cultivo, bordes de bosques, estepas y praderas.<\/p>\n<p>En este contexto, la Direcci\u00f3n Provincial del Ambiente de Cotopaxi desarrolla un plan de capacitaci\u00f3n constante para la ciudadan\u00eda con el fin de informar y coordinar las acciones de cuidado de las especies silvestres.<\/p>\n","protected":false},"excerpt":{"rendered":"<p class=\"excerpt\">El Ministerio del Ambiente (MAE), en coordinaci\u00f3n con la Unidad de Protecci\u00f3n del Medio Ambiente de la Polic\u00eda Nacional, rescat\u00f3 a un curiquingue (Phalcoboenus carunculatus) que se encontraba en el sector de San Felipe, perteneciente a la Parroquia Eloy Alfaro, en la provincia de Cotopaxi. El ejemplar permanec\u00eda en un domicilio de la zona como mascota. Si bien, el ave&hellip; <a href=\"https:\/\/www.ambienteyenergia.gob.ec\/ambiente\/curiquingue-fue-rescatado-en-cotopaxi\/\">Read more &rarr;<\/a><\/p>\n","protected":false},"author":13,"featured_media":20272,"comment_status":"open","ping_status":"open","sticky":false,"template":"","format":"standard","meta":{"footnotes":""},"categories":[16,4],"tags":[],"class_list":["post-20269","post","type-post","status-publish","format-standard","has-post-thumbnail","hentry","category-comunicamos","category-noticias","xfolkentry"],"_links":{"self":[{"href":"https:\/\/www.ambienteyenergia.gob.ec\/ambiente\/wp-json\/wp\/v2\/posts\/20269","targetHints":{"allow":["GET"]}}],"collection":[{"href":"https:\/\/www.ambienteyenergia.gob.ec\/ambiente\/wp-json\/wp\/v2\/posts"}],"about":[{"href":"https:\/\/www.ambienteyenergia.gob.ec\/ambiente\/wp-json\/wp\/v2\/types\/post"}],"author":[{"embeddable":true,"href":"https:\/\/www.ambienteyenergia.gob.ec\/ambiente\/wp-json\/wp\/v2\/users\/13"}],"replies":[{"embeddable":true,"href":"https:\/\/www.ambienteyenergia.gob.ec\/ambiente\/wp-json\/wp\/v2\/comments?post=20269"}],"version-history":[{"count":0,"href":"https:\/\/www.ambienteyenergia.gob.ec\/ambiente\/wp-json\/wp\/v2\/posts\/20269\/revisions"}],"wp:featuredmedia":[{"embeddable":true,"href":"https:\/\/www.ambienteyenergia.gob.ec\/ambiente\/wp-json\/wp\/v2\/media\/20272"}],"wp:attachment":[{"href":"https:\/\/www.ambienteyenergia.gob.ec\/ambiente\/wp-json\/wp\/v2\/media?parent=20269"}],"wp:term":[{"taxonomy":"category","embeddable":true,"href":"https:\/\/www.ambienteyenergia.gob.ec\/ambiente\/wp-json\/wp\/v2\/categories?post=20269"},{"taxonomy":"post_tag","embeddable":true,"href":"https:\/\/www.ambienteyenergia.gob.ec\/ambiente\/wp-json\/wp\/v2\/tags?post=20269"}],"curies":[{"name":"wp","href":"https:\/\/api.w.org\/{rel}","templated":true}]}}