{"id":20265,"date":"2014-05-22T10:38:32","date_gmt":"2014-05-22T15:38:32","guid":{"rendered":"http:\/\/www.ambiente.gob.ec\/?p=20265"},"modified":"2014-05-22T10:38:32","modified_gmt":"2014-05-22T15:38:32","slug":"taller-de-ganaderia-sostenible-se-realizo-en-imbabura","status":"publish","type":"post","link":"https:\/\/www.ambienteyenergia.gob.ec\/ambiente\/taller-de-ganaderia-sostenible-se-realizo-en-imbabura\/","title":{"rendered":"Taller de ganader\u00eda sostenible se realiz\u00f3 en Imbabura"},"content":{"rendered":"<p style=\"text-align: justify;\">El Ministerio del Ambiente del Ecuador (MAE), en conjunto con el Ministerio de Agricultura, Ganader\u00eda, Acuacultura y Pesca (MAGAP), realiz\u00f3 el primero de varios talleres de socializaci\u00f3n de la propuesta del proyecto \u201cPromoci\u00f3n del manejo de ganader\u00eda sostenible, integrando la reversi\u00f3n de degradaci\u00f3n de tierras y reducci\u00f3n del riesgo de desertificaci\u00f3n en provincias vulnerables\u201d, en Imbabura.<\/p>\n<p style=\"text-align: justify;\">Esta iniciativa que actualmente se encuentra en la fase de levantamiento de informaci\u00f3n, se desarrolla con el apoyo de la Organizaci\u00f3n de las Naciones Unidas para la Alimentaci\u00f3n y la Agricultura (FAO por sus siglas en ingl\u00e9s) y el financiamiento del Fondo para el Medio Ambiente Mundial (GEF).<\/p>\n<p style=\"text-align: justify;\">Este es el primero de cinco talleres que se llevar\u00e1n a cabo en el marco de esta propuesta de socializaci\u00f3n que en esta ocasi\u00f3n tuvo lugar en la ciudad de Ibarra. Funcionarios de la Subsecretar\u00eda de Cambio Clim\u00e1tico, divulgaron los antecedentes, alcance y estado del proyecto.<\/p>\n<p style=\"text-align: justify;\">Adem\u00e1s, se levant\u00f3 informaci\u00f3n de l\u00ednea base y se inform\u00f3 sobre las pr\u00f3ximas acciones a seguir con los actores p\u00fablicos (Gobierno Central, GAD) y privados (asociaciones de productores, productores individuales) del proyecto.<\/p>\n<p style=\"text-align: justify;\">\nAsimismo, se realiz\u00f3 un trabajo grupal para el establecimiento de necesidades de capacitaci\u00f3n general y espec\u00edfica en adaptaci\u00f3n y mitigaci\u00f3n del cambio clim\u00e1tico; evaluaci\u00f3n de percepci\u00f3n y experiencias en cuanto a incentivos y certificaci\u00f3n para la caracterizaci\u00f3n del sector lechero y c\u00e1rnico y la identificaci\u00f3n de actores.<\/p>\n<p style=\"text-align: justify;\">\nEl pr\u00f3ximo taller tendr\u00e1 lugar en la Universidad de Manab\u00ed, Portoviejo el d\u00eda viernes 23 de mayo del 2014, desde las 09:00 hasta la 15:00.<\/p>\n","protected":false},"excerpt":{"rendered":"<p class=\"excerpt\">El Ministerio del Ambiente del Ecuador (MAE), en conjunto con el Ministerio de Agricultura, Ganader\u00eda, Acuacultura y Pesca (MAGAP), realiz\u00f3 el primero de varios talleres de socializaci\u00f3n de la propuesta del proyecto \u201cPromoci\u00f3n del manejo de ganader\u00eda sostenible, integrando la reversi\u00f3n de degradaci\u00f3n de tierras y reducci\u00f3n del riesgo de desertificaci\u00f3n en provincias vulnerables\u201d, en Imbabura. Esta iniciativa que actualmente&hellip; <a href=\"https:\/\/www.ambienteyenergia.gob.ec\/ambiente\/taller-de-ganaderia-sostenible-se-realizo-en-imbabura\/\">Read more &rarr;<\/a><\/p>\n","protected":false},"author":13,"featured_media":20266,"comment_status":"open","ping_status":"open","sticky":false,"template":"","format":"standard","meta":{"footnotes":""},"categories":[16,4],"tags":[],"class_list":["post-20265","post","type-post","status-publish","format-standard","has-post-thumbnail","hentry","category-comunicamos","category-noticias","xfolkentry"],"_links":{"self":[{"href":"https:\/\/www.ambienteyenergia.gob.ec\/ambiente\/wp-json\/wp\/v2\/posts\/20265","targetHints":{"allow":["GET"]}}],"collection":[{"href":"https:\/\/www.ambienteyenergia.gob.ec\/ambiente\/wp-json\/wp\/v2\/posts"}],"about":[{"href":"https:\/\/www.ambienteyenergia.gob.ec\/ambiente\/wp-json\/wp\/v2\/types\/post"}],"author":[{"embeddable":true,"href":"https:\/\/www.ambienteyenergia.gob.ec\/ambiente\/wp-json\/wp\/v2\/users\/13"}],"replies":[{"embeddable":true,"href":"https:\/\/www.ambienteyenergia.gob.ec\/ambiente\/wp-json\/wp\/v2\/comments?post=20265"}],"version-history":[{"count":0,"href":"https:\/\/www.ambienteyenergia.gob.ec\/ambiente\/wp-json\/wp\/v2\/posts\/20265\/revisions"}],"wp:featuredmedia":[{"embeddable":true,"href":"https:\/\/www.ambienteyenergia.gob.ec\/ambiente\/wp-json\/wp\/v2\/media\/20266"}],"wp:attachment":[{"href":"https:\/\/www.ambienteyenergia.gob.ec\/ambiente\/wp-json\/wp\/v2\/media?parent=20265"}],"wp:term":[{"taxonomy":"category","embeddable":true,"href":"https:\/\/www.ambienteyenergia.gob.ec\/ambiente\/wp-json\/wp\/v2\/categories?post=20265"},{"taxonomy":"post_tag","embeddable":true,"href":"https:\/\/www.ambienteyenergia.gob.ec\/ambiente\/wp-json\/wp\/v2\/tags?post=20265"}],"curies":[{"name":"wp","href":"https:\/\/api.w.org\/{rel}","templated":true}]}}