{"id":20246,"date":"2014-05-21T20:26:14","date_gmt":"2014-05-22T01:26:14","guid":{"rendered":"http:\/\/www.ambiente.gob.ec\/?p=20246"},"modified":"2014-05-21T21:15:24","modified_gmt":"2014-05-22T02:15:24","slug":"mae-entrego-75244-m%c2%b3-de-madera-como-resultado-del-estado-de-excepcion","status":"publish","type":"post","link":"https:\/\/www.ambienteyenergia.gob.ec\/ambiente\/mae-entrego-75244-m%c2%b3-de-madera-como-resultado-del-estado-de-excepcion\/","title":{"rendered":"MAE entreg\u00f3 752,44 m\u00b3 de madera como resultado del Estado de Excepci\u00f3n declarado en Esmeraldas"},"content":{"rendered":"<p style=\"text-align: justify;\">Hoy, el Ministerio del Ambiente (MAE), entreg\u00f3 752,44 metros c\u00fabicos de madera a varias instituciones p\u00fablicas y privadas de la provincia de Imbabura. El producto forestal donado por esta Cartera de Estado fue resultado del Estado de Excepci\u00f3n decretado en Esmeraldas el a\u00f1o pasado.<\/p>\n<p style=\"text-align: justify;\">Entre las especies entregadas est\u00e1n sande, chanul, copal, caucho y laurel, las mismas que fueron incautadas porque no contaban con los documentos habilitantes que amparen su legalidad.<\/p>\n<p style=\"text-align: justify;\">Ahora esa madera ser\u00e1 utilizada para fines ben\u00e9ficos. Entre las instituciones que recibieron el producto forestal est\u00e1n el Comando Operacional 1 Norte de las Fuerzas Armadas, Universidad T\u00e9cnica del Norte, Gobierno Aut\u00f3nomo Descentralizado del cant\u00f3n Pimampiro, Uni\u00f3n de Organizaciones Campesinas e Ind\u00edgenas de Cotacachi, Asociaci\u00f3n Interprofesional de Artesanos de San Antonio de Ibarra y el Centro de Privaci\u00f3n de Libertad de Personas Adultas de Ibarra.<\/p>\n<p style=\"text-align: justify;\">Christian Ter\u00e1n, Subsecretario de Patrimonio Natural del MAE, en representaci\u00f3n de la Ministra del Ambiente, Lorena Tapia, agradeci\u00f3 la presencia de todas las instituciones y asegur\u00f3 que el MAE no proh\u00edbe el aprovechamiento de los bosques, sino que busca proteger el patrimonio natural del pa\u00eds.<\/p>\n<p style=\"text-align: justify;\">\u00abPara nosotros es un gran desaf\u00edo el poder administrar el patrimonio natural que tiene el Ecuador y por eso hacemos un llamado a todos ustedes a ser corresponsables en la gesti\u00f3n ambiental\u00bb, asegur\u00f3 Ter\u00e1n.<\/p>\n<p style=\"text-align: justify;\">El MAE como m\u00e1xima Autoridad Ambiental promueve el cuidado responsable de los bosques, y para ello, ha implementado una nueva Pol\u00edtica de Gobernanza del Patrimonio Natural, que busca un manejo sostenible de los recursos forestales, la inserci\u00f3n de bosques y la biodiversidad en la din\u00e1mica econ\u00f3mica del pa\u00eds.<\/p>\n<p style=\"text-align: justify;\">En ese sentido, Segundo Fuentes, Director Provincial del Ambiente de Imbabura, se\u00f1al\u00f3 que el MAE ejecuta tambi\u00e9n programas de capacitaci\u00f3n y educaci\u00f3n ambiental para complementar este proceso.<\/p>\n<p style=\"text-align: justify;\">Por su parte, esta Cartera de Estado no escatimar\u00e1 esfuerzos para tomar decisiones pol\u00edticas en materia forestal, que permitan consolidar un Ecuador Verde.<\/p>\n","protected":false},"excerpt":{"rendered":"<p class=\"excerpt\">Hoy, el Ministerio del Ambiente (MAE), entreg\u00f3 752,44 metros c\u00fabicos de madera a varias instituciones p\u00fablicas y privadas de la provincia de Imbabura. El producto forestal donado por esta Cartera de Estado fue resultado del Estado de Excepci\u00f3n decretado en Esmeraldas el a\u00f1o pasado. Entre las especies entregadas est\u00e1n sande, chanul, copal, caucho y laurel, las mismas que fueron incautadas&hellip; <a href=\"https:\/\/www.ambienteyenergia.gob.ec\/ambiente\/mae-entrego-75244-m%c2%b3-de-madera-como-resultado-del-estado-de-excepcion\/\">Read more &rarr;<\/a><\/p>\n","protected":false},"author":13,"featured_media":20247,"comment_status":"open","ping_status":"open","sticky":false,"template":"","format":"standard","meta":{"footnotes":""},"categories":[16,4],"tags":[162,108,337,53,444],"class_list":["post-20246","post","type-post","status-publish","format-standard","has-post-thumbnail","hentry","category-comunicamos","category-noticias","tag-imbabura","tag-lorena-tapia","tag-madera","tag-mae","tag-subsecretaria-de-patrimonio-natural","xfolkentry"],"_links":{"self":[{"href":"https:\/\/www.ambienteyenergia.gob.ec\/ambiente\/wp-json\/wp\/v2\/posts\/20246","targetHints":{"allow":["GET"]}}],"collection":[{"href":"https:\/\/www.ambienteyenergia.gob.ec\/ambiente\/wp-json\/wp\/v2\/posts"}],"about":[{"href":"https:\/\/www.ambienteyenergia.gob.ec\/ambiente\/wp-json\/wp\/v2\/types\/post"}],"author":[{"embeddable":true,"href":"https:\/\/www.ambienteyenergia.gob.ec\/ambiente\/wp-json\/wp\/v2\/users\/13"}],"replies":[{"embeddable":true,"href":"https:\/\/www.ambienteyenergia.gob.ec\/ambiente\/wp-json\/wp\/v2\/comments?post=20246"}],"version-history":[{"count":0,"href":"https:\/\/www.ambienteyenergia.gob.ec\/ambiente\/wp-json\/wp\/v2\/posts\/20246\/revisions"}],"wp:featuredmedia":[{"embeddable":true,"href":"https:\/\/www.ambienteyenergia.gob.ec\/ambiente\/wp-json\/wp\/v2\/media\/20247"}],"wp:attachment":[{"href":"https:\/\/www.ambienteyenergia.gob.ec\/ambiente\/wp-json\/wp\/v2\/media?parent=20246"}],"wp:term":[{"taxonomy":"category","embeddable":true,"href":"https:\/\/www.ambienteyenergia.gob.ec\/ambiente\/wp-json\/wp\/v2\/categories?post=20246"},{"taxonomy":"post_tag","embeddable":true,"href":"https:\/\/www.ambienteyenergia.gob.ec\/ambiente\/wp-json\/wp\/v2\/tags?post=20246"}],"curies":[{"name":"wp","href":"https:\/\/api.w.org\/{rel}","templated":true}]}}