{"id":20241,"date":"2014-05-21T15:02:53","date_gmt":"2014-05-21T20:02:53","guid":{"rendered":"http:\/\/www.ambiente.gob.ec\/?p=20241"},"modified":"2014-05-21T15:02:53","modified_gmt":"2014-05-21T20:02:53","slug":"direccion-provincial-de-chimborazo-rescata-dos-ejemplares-de-vida-silvestre","status":"publish","type":"post","link":"https:\/\/www.ambienteyenergia.gob.ec\/ambiente\/direccion-provincial-de-chimborazo-rescata-dos-ejemplares-de-vida-silvestre\/","title":{"rendered":"Direcci\u00f3n provincial de Chimborazo rescata dos ejemplares de Vida Silvestre"},"content":{"rendered":"<p style=\"text-align: justify;\">El Ministerio del Ambiente (MAE) a trav\u00e9s de la Direcci\u00f3n Provincial del Ambiente de Chimborazo (DPACh) en coordinaci\u00f3n con el personal de la\u00a0 Unidad de Protecci\u00f3n del Medio Ambiente (UPMA) de la Polic\u00eda Nacional, rescataron dos espec\u00edmenes de vida silvestre en la provincia.<\/p>\n<p>Atendiendo a la denuncia verbal de la ciudadan\u00eda, la Unidad de Patrimonio Natural y Vida Silvestre de la DPACh acudi\u00f3 a la entrega voluntaria de un Loro (Psitacidae), en el barrio Bonilla Abarca de la ciudad de Riobamba. Los ciudadanos que entregaron el esp\u00e9cimen mencionaron que el animal estaba\u00a0 abandonado por lo que de inmediato procedieron a rescatarlo y mantenerlo a salvo.<\/p>\n<p>Por otra parte el Cuerpo de Bomberos del cant\u00f3n Alaus\u00ed, rescat\u00f3 una Iguana (Iguana iguana), el mismo que fue entregado a la Direcci\u00f3n Provincial. El ejemplar fue evaluado de inmediato y se constat\u00f3 su buen estado de salud.<\/p>\n<p>Los animales de vida silvestre fueron trasladados en custodia temporal a la Direcci\u00f3n Provincial del Ambiente del Guayas quienes determinaran las condiciones para su reintroducci\u00f3n en su habitad natural.<\/p>\n<p style=\"text-align: justify;\">\nSeg\u00fan el informe de la Polic\u00eda Nacional se presume que este tipo de espec\u00edmenes llegan a la sierra en veh\u00edculos que transportan frutas.<\/p>\n<p style=\"text-align: justify;\">\nEl MAE, intensificar\u00e1 los operativos para salvaguardar las especies de vida silvestre, adem\u00e1s continuar\u00e1 con las constantes campa\u00f1as dirigidas a la ciudadan\u00eda para evitar el tr\u00e1fico\u00a0 de vida silvestre.<\/p>\n","protected":false},"excerpt":{"rendered":"<p class=\"excerpt\">El Ministerio del Ambiente (MAE) a trav\u00e9s de la Direcci\u00f3n Provincial del Ambiente de Chimborazo (DPACh) en coordinaci\u00f3n con el personal de la\u00a0 Unidad de Protecci\u00f3n del Medio Ambiente (UPMA) de la Polic\u00eda Nacional, rescataron dos espec\u00edmenes de vida silvestre en la provincia. Atendiendo a la denuncia verbal de la ciudadan\u00eda, la Unidad de Patrimonio Natural y Vida Silvestre de&hellip; <a href=\"https:\/\/www.ambienteyenergia.gob.ec\/ambiente\/direccion-provincial-de-chimborazo-rescata-dos-ejemplares-de-vida-silvestre\/\">Read more &rarr;<\/a><\/p>\n","protected":false},"author":13,"featured_media":20242,"comment_status":"open","ping_status":"open","sticky":false,"template":"","format":"standard","meta":{"footnotes":""},"categories":[16,4],"tags":[],"class_list":["post-20241","post","type-post","status-publish","format-standard","has-post-thumbnail","hentry","category-comunicamos","category-noticias","xfolkentry"],"_links":{"self":[{"href":"https:\/\/www.ambienteyenergia.gob.ec\/ambiente\/wp-json\/wp\/v2\/posts\/20241","targetHints":{"allow":["GET"]}}],"collection":[{"href":"https:\/\/www.ambienteyenergia.gob.ec\/ambiente\/wp-json\/wp\/v2\/posts"}],"about":[{"href":"https:\/\/www.ambienteyenergia.gob.ec\/ambiente\/wp-json\/wp\/v2\/types\/post"}],"author":[{"embeddable":true,"href":"https:\/\/www.ambienteyenergia.gob.ec\/ambiente\/wp-json\/wp\/v2\/users\/13"}],"replies":[{"embeddable":true,"href":"https:\/\/www.ambienteyenergia.gob.ec\/ambiente\/wp-json\/wp\/v2\/comments?post=20241"}],"version-history":[{"count":0,"href":"https:\/\/www.ambienteyenergia.gob.ec\/ambiente\/wp-json\/wp\/v2\/posts\/20241\/revisions"}],"wp:featuredmedia":[{"embeddable":true,"href":"https:\/\/www.ambienteyenergia.gob.ec\/ambiente\/wp-json\/wp\/v2\/media\/20242"}],"wp:attachment":[{"href":"https:\/\/www.ambienteyenergia.gob.ec\/ambiente\/wp-json\/wp\/v2\/media?parent=20241"}],"wp:term":[{"taxonomy":"category","embeddable":true,"href":"https:\/\/www.ambienteyenergia.gob.ec\/ambiente\/wp-json\/wp\/v2\/categories?post=20241"},{"taxonomy":"post_tag","embeddable":true,"href":"https:\/\/www.ambienteyenergia.gob.ec\/ambiente\/wp-json\/wp\/v2\/tags?post=20241"}],"curies":[{"name":"wp","href":"https:\/\/api.w.org\/{rel}","templated":true}]}}