{"id":20237,"date":"2014-05-21T14:16:30","date_gmt":"2014-05-21T19:16:30","guid":{"rendered":"http:\/\/www.ambiente.gob.ec\/?p=20237"},"modified":"2014-05-22T08:53:37","modified_gmt":"2014-05-22T13:53:37","slug":"ministra-del-ambiente-lorena-tapia-libero-a-condor-polito-en-imbabura","status":"publish","type":"post","link":"https:\/\/www.ambienteyenergia.gob.ec\/ambiente\/ministra-del-ambiente-lorena-tapia-libero-a-condor-polito-en-imbabura\/","title":{"rendered":"Ministra del Ambiente, Lorena Tapia, liber\u00f3 a c\u00f3ndor &#8216;Polito&#8217; en Imbabura"},"content":{"rendered":"<p dir=\"ltr\" style=\"text-align: justify;\">El c\u00f3ndor &#8216;Polito&#8217;, rescatado el pasado 22 de abril en la comunidad de Pucara Alto, en la provincia de Imbabura, fue liberado hoy por la Ministra del Ambiente, Lorena Tapia, en el Parque C\u00f3ndor.<\/p>\n<p dir=\"ltr\" style=\"text-align: justify;\">Antes de liberarlo, la M\u00e1xima Autoridad Ambiental,\u00a0 asegur\u00f3 que este es un hecho muy emotivo para el Ministerio del Ambiente, pues &#8216;Polito&#8217; permitir\u00e1 monitorear el comportamiento del c\u00f3ndor andino para ejecutar actividades definitivas de protecci\u00f3n.<\/p>\n<p dir=\"ltr\" style=\"text-align: justify;\">El c\u00f3ndor macho juvenil, de aproximadamente un a\u00f1o de edad, fue hallado d\u00e9bil y con una herida en su pico en los alrededores del Parque C\u00f3ndor.\u00a0 Pero luego de un proceso de recuperaci\u00f3n, su salud y peso volvieron a la normalidad.<\/p>\n<p dir=\"ltr\" style=\"text-align: justify;\">&#8216;Polito&#8217; fue liberado con un rastreador satelital parecido al del c\u00f3ndor Felipe, que proporcionar\u00e1 informaci\u00f3n exacta de su ubicaci\u00f3n, por lo que ser\u00e1 controlado permanentemente para evitar cualquier percance.<\/p>\n<p dir=\"ltr\" style=\"text-align: justify;\">El Ministerio del Ambiente (MAE) para la protecci\u00f3n de esta emblem\u00e1tica ave fortalecer\u00e1 el trabajo de conservaci\u00f3n aunando esfuerzos con el Grupo C\u00f3ndor, y para ello, ha planteado la creaci\u00f3n de un Programa Integral de Protecci\u00f3n del C\u00f3ndor.<\/p>\n<p dir=\"ltr\" style=\"text-align: justify;\">\u00abHemos decidido que la preservaci\u00f3n de esta especie no sea una estrategia solamente,\u00a0 sino un programa integral y permanente, que involucre monitoreo,\u00a0 educaci\u00f3n ambiental y que cuente con todos los recursos necesarios para poder abordar esta protecci\u00f3n\u00bb, asegur\u00f3 la Secretaria de Estado.<\/p>\n<p dir=\"ltr\" style=\"text-align: justify;\">En ese sentido,\u00a0 el MAE como parte de su compromiso ambiental, monitorea constantemente a los animales que han sido rescatados y reinsertados en sus h\u00e1bitats naturales.<\/p>\n<p dir=\"ltr\" style=\"text-align: justify;\">A pesar de que el c\u00f3ndor es considerado como Patrimonio Cultural y Natural de Sudam\u00e9rica, gran parte de su poblaci\u00f3n ha disminuido debido a la perdida de su h\u00e1bitat y la caza indiscriminada. Actualmente, en Ecuador existen alrededor de 50 c\u00f3ndores en estado silvestre y 18 en cautiverio.<\/p>\n<p dir=\"ltr\" style=\"text-align: justify;\">Por esta raz\u00f3n, la Ministra del Ambiente aprovecho la oportunidad e invit\u00f3 a la ciudadan\u00eda a respetar a todas las especies de fauna silvestre.\u00a0 \u00abEn particular quiero invitar a los ciudadanos imbabure\u00f1os a apropiarse de &#8216;Polito&#8217;, a que lo protejan y notifiquen cualquier acci\u00f3n que pudiese ser una amenaza. Trabajemos juntos, todos los ecuatorianos, para generar una relaci\u00f3n arm\u00f3nica entre hombre y fauna como debe ser\u00bb, expres\u00f3.<\/p>\n<p dir=\"ltr\" style=\"text-align: justify;\"><strong>Caso c\u00f3ndor Felipe<\/strong><\/p>\n<p dir=\"ltr\" style=\"text-align: justify;\">Sobre la muerte del c\u00f3ndor Felipe la Ministra Tapia afirm\u00f3 que fue una lamentable noticia, pero que no fue en vano pues permiti\u00f3 conocer datos importantes sobre esta especie como sitios de anidaci\u00f3n y zonas de vuelo.<\/p>\n<p dir=\"ltr\" style=\"text-align: justify;\">\u00abSeguimos investigando, hay algunos datos, a\u00fan no tenemos algo definitivo, pero no vamos a descansar hasta lograr detener al responsable de lo que para los ecuatorianos tiene que ser un hecho rechazado\u00bb, ratific\u00f3 la Ministra Tapia.<\/p>\n<p dir=\"ltr\" style=\"text-align: justify;\">Asimismo,\u00a0 Tapia explic\u00f3 que la normativa ambiental es muy clara. \u00abEl c\u00f3digo penal permite que se detenga a las personas que afecten o lastimen especies como el c\u00f3ndor;, adem\u00e1s la sanci\u00f3n que existe va de dos a tres a\u00f1os y cuando es una especie en extinci\u00f3n puede ser hasta cinco a\u00f1os\u00bb.<\/p>\n<p dir=\"ltr\" style=\"text-align: justify;\"><a href=\"http:\/\/www.ambienteyenergia.gob.ec\/ambiente\/wp-content\/uploads\/2014\/05\/polito-2.jpg\"><img loading=\"lazy\" decoding=\"async\" class=\"aligncenter size-full wp-image-20239\" alt=\"C\u00f3ndor Polito\" src=\"http:\/\/www.ambienteyenergia.gob.ec\/ambiente\/wp-content\/uploads\/2014\/05\/polito-2.jpg\" width=\"670\" height=\"447\" srcset=\"https:\/\/www.ambienteyenergia.gob.ec\/ambiente\/wp-content\/uploads\/sites\/2\/2014\/05\/polito-2.jpg 670w, https:\/\/www.ambienteyenergia.gob.ec\/ambiente\/wp-content\/uploads\/sites\/2\/2014\/05\/polito-2-300x200.jpg 300w, https:\/\/www.ambienteyenergia.gob.ec\/ambiente\/wp-content\/uploads\/sites\/2\/2014\/05\/polito-2-449x300.jpg 449w\" sizes=\"auto, (max-width: 670px) 100vw, 670px\" \/><\/a><\/p>\n","protected":false},"excerpt":{"rendered":"<p class=\"excerpt\">El c\u00f3ndor &#8216;Polito&#8217;, rescatado el pasado 22 de abril en la comunidad de Pucara Alto, en la provincia de Imbabura, fue liberado hoy por la Ministra del Ambiente, Lorena Tapia, en el Parque C\u00f3ndor. Antes de liberarlo, la M\u00e1xima Autoridad Ambiental,\u00a0 asegur\u00f3 que este es un hecho muy emotivo para el Ministerio del Ambiente, pues &#8216;Polito&#8217; permitir\u00e1 monitorear el comportamiento&hellip; <a href=\"https:\/\/www.ambienteyenergia.gob.ec\/ambiente\/ministra-del-ambiente-lorena-tapia-libero-a-condor-polito-en-imbabura\/\">Read more &rarr;<\/a><\/p>\n","protected":false},"author":13,"featured_media":20238,"comment_status":"open","ping_status":"open","sticky":false,"template":"","format":"standard","meta":{"footnotes":""},"categories":[16,4],"tags":[],"class_list":["post-20237","post","type-post","status-publish","format-standard","has-post-thumbnail","hentry","category-comunicamos","category-noticias","xfolkentry"],"_links":{"self":[{"href":"https:\/\/www.ambienteyenergia.gob.ec\/ambiente\/wp-json\/wp\/v2\/posts\/20237","targetHints":{"allow":["GET"]}}],"collection":[{"href":"https:\/\/www.ambienteyenergia.gob.ec\/ambiente\/wp-json\/wp\/v2\/posts"}],"about":[{"href":"https:\/\/www.ambienteyenergia.gob.ec\/ambiente\/wp-json\/wp\/v2\/types\/post"}],"author":[{"embeddable":true,"href":"https:\/\/www.ambienteyenergia.gob.ec\/ambiente\/wp-json\/wp\/v2\/users\/13"}],"replies":[{"embeddable":true,"href":"https:\/\/www.ambienteyenergia.gob.ec\/ambiente\/wp-json\/wp\/v2\/comments?post=20237"}],"version-history":[{"count":0,"href":"https:\/\/www.ambienteyenergia.gob.ec\/ambiente\/wp-json\/wp\/v2\/posts\/20237\/revisions"}],"wp:featuredmedia":[{"embeddable":true,"href":"https:\/\/www.ambienteyenergia.gob.ec\/ambiente\/wp-json\/wp\/v2\/media\/20238"}],"wp:attachment":[{"href":"https:\/\/www.ambienteyenergia.gob.ec\/ambiente\/wp-json\/wp\/v2\/media?parent=20237"}],"wp:term":[{"taxonomy":"category","embeddable":true,"href":"https:\/\/www.ambienteyenergia.gob.ec\/ambiente\/wp-json\/wp\/v2\/categories?post=20237"},{"taxonomy":"post_tag","embeddable":true,"href":"https:\/\/www.ambienteyenergia.gob.ec\/ambiente\/wp-json\/wp\/v2\/tags?post=20237"}],"curies":[{"name":"wp","href":"https:\/\/api.w.org\/{rel}","templated":true}]}}