{"id":20232,"date":"2014-05-21T09:46:03","date_gmt":"2014-05-21T14:46:03","guid":{"rendered":"http:\/\/www.ambiente.gob.ec\/?p=20232"},"modified":"2014-05-21T15:46:04","modified_gmt":"2014-05-21T20:46:04","slug":"la-conservacion-de-los-recursos-forestales-es-una-prioridad-para-el-mae","status":"publish","type":"post","link":"https:\/\/www.ambienteyenergia.gob.ec\/ambiente\/la-conservacion-de-los-recursos-forestales-es-una-prioridad-para-el-mae\/","title":{"rendered":"La conservaci\u00f3n de los recursos forestales es una prioridad para el MAE"},"content":{"rendered":"<p style=\"text-align: justify;\">El D\u00eda del \u00c1rbol es una fecha ideal para realizar acciones que permitan concienciar a la poblaci\u00f3n sobre los beneficios ecosist\u00e9micos que presentan los bosques. Entre sus m\u00faltiples beneficios est\u00e1n la regulaci\u00f3n del ciclo de agua y el clima; producci\u00f3n de ox\u00edgeno y absorci\u00f3n de di\u00f3xido de carbono; control de inundaciones y erosi\u00f3n del suelo y el aprovisionamiento de alimentos, entre otros bienes y servicios.<\/p>\n<p>El Ecuador concentra una diversidad de especies animales y vegetales que supera a muchos pa\u00edses en los tr\u00f3picos y a todos los pa\u00edses de las zonas templadas. Lamentablemente, estos ecosistemas est\u00e1n propensos a varias amenazas entre las que constan la deforestaci\u00f3n, la transformaci\u00f3n del uso de suelo, la expansi\u00f3n de la frontera agr\u00edcola y \u00e1reas pobladas.<\/p>\n<p>Pero sin duda, la deforestaci\u00f3n es uno de los principales factores para que estos ecosistemas se vean afectados. Seg\u00fan cifras del MAE,\u00a0 en el periodo del 2008 al 2012, se estim\u00f3 que se perdieron m\u00e1s de 65 880 hect\u00e1reas de bosques\u00a0 cada a\u00f1o.<\/p>\n<p>Actualmente, gracias a la voluntad pol\u00edtica del Gobierno Nacional y de la Ministra del Ambiente, Lorena Tapia, se trabaja en la conservaci\u00f3n y preservaci\u00f3n de estos ecosistemas con el fin de mejorar las condiciones ambientales y sociales del pa\u00eds.<\/p>\n<p><strong>Acciones para la protecci\u00f3n de los recursos forestales<\/strong><\/p>\n<p>En este contexto,\u00a0 el Ministerio del Ambiente (MAE), a trav\u00e9s de la nueva Pol\u00edtica de Gobernanza del Patrimonio Natural, busca de manera general un manejo sostenible de los recursos forestales ecuatorianos y la inserci\u00f3n de los bosques y la biodiversidad en la din\u00e1mica econ\u00f3mica del pa\u00eds. Para ello, la legalidad de la madera y la regulaci\u00f3n de las actividades de aprovechamiento forestal\u00a0 ha sido uno de los ejes centrales de la pol\u00edtica forestal actual.<\/p>\n<p>Uno de los hitos en este aspecto, fue el Estado de Excepci\u00f3n declarado en Esmeraldas, el pasado 23 de septiembre de 2013, que tuvo como objetivo detener el aprovechamiento no sostenible de los bosques y la movilizaci\u00f3n ilegal de los productos forestales en la provincia. Gracias a los controles y monitoreos permanentes se logr\u00f3 decomisar 2 665 metros c\u00fabicos de madera, y adem\u00e1s, se logr\u00f3 detener las actividades de aprovechamiento forestal en bosque nativo y de regeneraci\u00f3n natural que se desarrollaban de manera irregular.<\/p>\n<p>Por otro lado, esta Cartera de Estado est\u00e1 ejecutando un Plan de Restauraci\u00f3n Forestal Nacional, con la que se busca reforestar 100 mil hect\u00e1reas para el 2014. Para lo cual, el MAE ha suscrito varios acuerdos de restauraci\u00f3n activa con 46 Gobiernos Aut\u00f3nomos Descentralizados (GAD) de todo el pa\u00eds, con el prop\u00f3sito de recuperar la cobertura vegetal, a trav\u00e9s de un manejo integral del paisaje forestal. El MAE ha reforestado 40 198 hect\u00e1reas en las provincias de Carchi, Imbabura, Pichincha, Cotopaxi, Chimborazo,\u00a0 Gal\u00e1pagos, Napo, Loja, El Oro, Los R\u00edos, Tungurahua, Zamora Chinchipe, Santo Domingo de los Tsachilas, Ca\u00f1ar, Azuay.<\/p>\n<p>De la misma forma, el Programa Socio Bosque ha logrado consolidar importantes proyectos productivos sustentables en las comunidades habitantes de bosques como mejoramiento de servicios de salud y educativos, infraestructura organizacional entre otros. Actualmente, se conserva 1 mill\u00f3n 227 mil hect\u00e1reas, beneficiando a cerca 161 mil ciudadanos en todo el pa\u00eds.<\/p>\n<p><strong>Jornada de reforestaci\u00f3n<\/strong><\/p>\n<p>El MAE a trav\u00e9s de la Direcci\u00f3n Provincial de Ambiente Pichincha realizar\u00e1, este 22 de mayo, una jornada de reforestaci\u00f3n en nueve cantones de la provincia de Pichincha, entregando un total de 11 500 plantas de especies nativas. En el evento participar\u00e1n alrededor de 32 instituciones educativas.<\/p>\n","protected":false},"excerpt":{"rendered":"<p class=\"excerpt\">El D\u00eda del \u00c1rbol es una fecha ideal para realizar acciones que permitan concienciar a la poblaci\u00f3n sobre los beneficios ecosist\u00e9micos que presentan los bosques. Entre sus m\u00faltiples beneficios est\u00e1n la regulaci\u00f3n del ciclo de agua y el clima; producci\u00f3n de ox\u00edgeno y absorci\u00f3n de di\u00f3xido de carbono; control de inundaciones y erosi\u00f3n del suelo y el aprovisionamiento de alimentos,&hellip; <a href=\"https:\/\/www.ambienteyenergia.gob.ec\/ambiente\/la-conservacion-de-los-recursos-forestales-es-una-prioridad-para-el-mae\/\">Read more &rarr;<\/a><\/p>\n","protected":false},"author":13,"featured_media":20233,"comment_status":"open","ping_status":"open","sticky":false,"template":"","format":"standard","meta":{"footnotes":""},"categories":[16,4],"tags":[],"class_list":["post-20232","post","type-post","status-publish","format-standard","has-post-thumbnail","hentry","category-comunicamos","category-noticias","xfolkentry"],"_links":{"self":[{"href":"https:\/\/www.ambienteyenergia.gob.ec\/ambiente\/wp-json\/wp\/v2\/posts\/20232","targetHints":{"allow":["GET"]}}],"collection":[{"href":"https:\/\/www.ambienteyenergia.gob.ec\/ambiente\/wp-json\/wp\/v2\/posts"}],"about":[{"href":"https:\/\/www.ambienteyenergia.gob.ec\/ambiente\/wp-json\/wp\/v2\/types\/post"}],"author":[{"embeddable":true,"href":"https:\/\/www.ambienteyenergia.gob.ec\/ambiente\/wp-json\/wp\/v2\/users\/13"}],"replies":[{"embeddable":true,"href":"https:\/\/www.ambienteyenergia.gob.ec\/ambiente\/wp-json\/wp\/v2\/comments?post=20232"}],"version-history":[{"count":0,"href":"https:\/\/www.ambienteyenergia.gob.ec\/ambiente\/wp-json\/wp\/v2\/posts\/20232\/revisions"}],"wp:featuredmedia":[{"embeddable":true,"href":"https:\/\/www.ambienteyenergia.gob.ec\/ambiente\/wp-json\/wp\/v2\/media\/20233"}],"wp:attachment":[{"href":"https:\/\/www.ambienteyenergia.gob.ec\/ambiente\/wp-json\/wp\/v2\/media?parent=20232"}],"wp:term":[{"taxonomy":"category","embeddable":true,"href":"https:\/\/www.ambienteyenergia.gob.ec\/ambiente\/wp-json\/wp\/v2\/categories?post=20232"},{"taxonomy":"post_tag","embeddable":true,"href":"https:\/\/www.ambienteyenergia.gob.ec\/ambiente\/wp-json\/wp\/v2\/tags?post=20232"}],"curies":[{"name":"wp","href":"https:\/\/api.w.org\/{rel}","templated":true}]}}