{"id":20228,"date":"2014-05-21T09:39:26","date_gmt":"2014-05-21T14:39:26","guid":{"rendered":"http:\/\/www.ambiente.gob.ec\/?p=20228"},"modified":"2014-05-21T09:39:26","modified_gmt":"2014-05-21T14:39:26","slug":"mae-recibe-aporte-de-banco-del-pacifico-para-conservacion-de-269-hectareas-de-bosques-nativos","status":"publish","type":"post","link":"https:\/\/www.ambienteyenergia.gob.ec\/ambiente\/mae-recibe-aporte-de-banco-del-pacifico-para-conservacion-de-269-hectareas-de-bosques-nativos\/","title":{"rendered":"MAE recibe aporte de Banco del Pacifico para conservaci\u00f3n de 269 hect\u00e1reas de bosques nativos"},"content":{"rendered":"<p style=\"text-align: justify;\">Ayer, el Ministerio del Ambiente a trav\u00e9s de la Subsecretar\u00eda de Patrimonio Natural, recibi\u00f3 USD 8.634 por parte del Banco del Pacifico para la conservaci\u00f3n de 296 hect\u00e1reas mediante el Programa Socio Bosque.<\/p>\n<p style=\"text-align: justify;\">Este aporte econ\u00f3mico se gestiona en el marco de la implementaci\u00f3n de la Estrategia de Sostenibilidad Financiera, a trav\u00e9s del Fondo Socio Bosque. Empresas privadas y organismos pueden apoyar econ\u00f3micamente a la conservaci\u00f3n y restauraci\u00f3n forestal en todo el pa\u00eds.<\/p>\n<p style=\"text-align: justify;\">Durante el acto, la Viceministra del Ambiente, Lorena S\u00e1nchez, en representaci\u00f3n de la M\u00e1xima Autoridad Ambiental Nacional, Lorena Tapia, enfatiz\u00f3 que la generaci\u00f3n de alianzas forma parte de la nueva gesti\u00f3n estrat\u00e9gica impulsada por el Gobierno Nacional, a trav\u00e9s del MAE para mejorar las condiciones ambientales a nivel pa\u00eds.<\/p>\n<p style=\"text-align: justify;\">\u201cCon satisfacci\u00f3n vemos cada vez m\u00e1s empresas se suman al cuidado de los bosques y nuestra naturaleza. &#8216;Dicen s\u00ed a la vida y a la transformaci\u00f3n por un Ecuador Verde&#8217; que todos y todas so\u00f1amos\u201d, enfatiz\u00f3 S\u00e1nchez.<\/p>\n<p style=\"text-align: justify;\">De acuerdo al convenio suscrito, esta Cartera de Estado se compromete a velar por las \u00e1reas forestales bajo conservaci\u00f3n, apoyadas por el Banco, mediante medidas de seguimiento y control permanentes. Por otro lado, la instituci\u00f3n financiera se compromete a aportar de manera anual USD 30 por cada hect\u00e1rea y podr\u00e1 realizar estudios de verificaci\u00f3n de conservaci\u00f3n de las \u00e1reas beneficiadas.<\/p>\n<p style=\"text-align: justify;\">\nAl cierre de la cita la Viceministra S\u00e1nchez invit\u00f3 p\u00fablicamente a m\u00e1s empresas para que se sumen al Fondo Socio Bosque y decidan apoyar a la transformaci\u00f3n ambiental que este Ministerio promueve con el liderazgo de la Ministra Lorena Tapia.<\/p>\n<p style=\"text-align: justify;\">\n<strong>El dato<\/strong><br \/>\nEl Programa Nacional de Incentivos Socio Bosque es una iniciativa del Gobierno de la Revoluci\u00f3n Ciudadana que conserva en la actualidad 1 mill\u00f3n 227 mil hect\u00e1reas de bosques y beneficia a 59 mil ciudadanos y ciudadanas en todo el pa\u00eds. El Programa promueve beneficios destinados tambi\u00e9n para la restauraci\u00f3n, manejo forestal, biocomercio, entre otros.<\/p>\n<p style=\"text-align: justify;\">\nSi usted forma parte de una empresa que desea aportar al Fondo Socio Bosque puede comunicarse a la l\u00ednea gratuita del Ministerio del Ambiente 1800-AMBIENTE (262436); o acercarse a las Direcciones Provinciales de esta Cartera de Estado en todo el pa\u00eds.<\/p>\n<p style=\"text-align: justify;\"><a href=\"http:\/\/www.ambienteyenergia.gob.ec\/ambiente\/wp-content\/uploads\/2014\/05\/5261.jpg\"><img loading=\"lazy\" decoding=\"async\" class=\"aligncenter size-full wp-image-20230\" alt=\"MAE recibe aporte de Banco del Pacifico para conservaci\u00f3n de 269 hect\u00e1reas de bosques nativos\" src=\"http:\/\/www.ambienteyenergia.gob.ec\/ambiente\/wp-content\/uploads\/2014\/05\/5261.jpg\" width=\"670\" height=\"447\" srcset=\"https:\/\/www.ambienteyenergia.gob.ec\/ambiente\/wp-content\/uploads\/sites\/2\/2014\/05\/5261.jpg 670w, https:\/\/www.ambienteyenergia.gob.ec\/ambiente\/wp-content\/uploads\/sites\/2\/2014\/05\/5261-300x200.jpg 300w, https:\/\/www.ambienteyenergia.gob.ec\/ambiente\/wp-content\/uploads\/sites\/2\/2014\/05\/5261-449x300.jpg 449w\" sizes=\"auto, (max-width: 670px) 100vw, 670px\" \/><\/a><\/p>\n","protected":false},"excerpt":{"rendered":"<p class=\"excerpt\">Ayer, el Ministerio del Ambiente a trav\u00e9s de la Subsecretar\u00eda de Patrimonio Natural, recibi\u00f3 USD 8.634 por parte del Banco del Pacifico para la conservaci\u00f3n de 296 hect\u00e1reas mediante el Programa Socio Bosque. Este aporte econ\u00f3mico se gestiona en el marco de la implementaci\u00f3n de la Estrategia de Sostenibilidad Financiera, a trav\u00e9s del Fondo Socio Bosque. Empresas privadas y organismos&hellip; <a href=\"https:\/\/www.ambienteyenergia.gob.ec\/ambiente\/mae-recibe-aporte-de-banco-del-pacifico-para-conservacion-de-269-hectareas-de-bosques-nativos\/\">Read more &rarr;<\/a><\/p>\n","protected":false},"author":13,"featured_media":20229,"comment_status":"open","ping_status":"open","sticky":false,"template":"","format":"standard","meta":{"footnotes":""},"categories":[16,4],"tags":[],"class_list":["post-20228","post","type-post","status-publish","format-standard","has-post-thumbnail","hentry","category-comunicamos","category-noticias","xfolkentry"],"_links":{"self":[{"href":"https:\/\/www.ambienteyenergia.gob.ec\/ambiente\/wp-json\/wp\/v2\/posts\/20228","targetHints":{"allow":["GET"]}}],"collection":[{"href":"https:\/\/www.ambienteyenergia.gob.ec\/ambiente\/wp-json\/wp\/v2\/posts"}],"about":[{"href":"https:\/\/www.ambienteyenergia.gob.ec\/ambiente\/wp-json\/wp\/v2\/types\/post"}],"author":[{"embeddable":true,"href":"https:\/\/www.ambienteyenergia.gob.ec\/ambiente\/wp-json\/wp\/v2\/users\/13"}],"replies":[{"embeddable":true,"href":"https:\/\/www.ambienteyenergia.gob.ec\/ambiente\/wp-json\/wp\/v2\/comments?post=20228"}],"version-history":[{"count":0,"href":"https:\/\/www.ambienteyenergia.gob.ec\/ambiente\/wp-json\/wp\/v2\/posts\/20228\/revisions"}],"wp:featuredmedia":[{"embeddable":true,"href":"https:\/\/www.ambienteyenergia.gob.ec\/ambiente\/wp-json\/wp\/v2\/media\/20229"}],"wp:attachment":[{"href":"https:\/\/www.ambienteyenergia.gob.ec\/ambiente\/wp-json\/wp\/v2\/media?parent=20228"}],"wp:term":[{"taxonomy":"category","embeddable":true,"href":"https:\/\/www.ambienteyenergia.gob.ec\/ambiente\/wp-json\/wp\/v2\/categories?post=20228"},{"taxonomy":"post_tag","embeddable":true,"href":"https:\/\/www.ambienteyenergia.gob.ec\/ambiente\/wp-json\/wp\/v2\/tags?post=20228"}],"curies":[{"name":"wp","href":"https:\/\/api.w.org\/{rel}","templated":true}]}}