{"id":20218,"date":"2014-05-20T19:56:42","date_gmt":"2014-05-21T00:56:42","guid":{"rendered":"http:\/\/www.ambiente.gob.ec\/?p=20218"},"modified":"2014-06-06T14:40:16","modified_gmt":"2014-06-06T19:40:16","slug":"mae-participa-en-la-cuarto-dialogo-con-el-tema-de-educacion-ambienta-y-social-en-guayaquil","status":"publish","type":"post","link":"https:\/\/www.ambienteyenergia.gob.ec\/ambiente\/mae-participa-en-la-cuarto-dialogo-con-el-tema-de-educacion-ambienta-y-social-en-guayaquil\/","title":{"rendered":"MAE participa en la Cuarto Di\u00e1logo con el tema de Educaci\u00f3n Ambienta y Social en Guayaquil"},"content":{"rendered":"<p style=\"text-align: justify;\">El Ministerio del Ambiente (MAE), particip\u00f3 en el Cuarto Di\u00e1logo organizado por las Comunidades para la Construcci\u00f3n de la Ciudadan\u00eda Participativa, desarrollada en el Colegio Fiscal Patria Ecuatoriana, en la ciudad de Guayaquil, con el objetivo de dar a conocer las diferentes actividades estrat\u00e9gicas de Educaci\u00f3n Ambiental y Social.<\/p>\n<p>En la mesa de di\u00e1logo se socializ\u00f3 sobre las acciones y estrategias que el MAE, a trav\u00e9s de su Proyecto Guayaquil Ecol\u00f3gico \u2013 Componente Estero Salado, ejecuta en el marco de la concienciaci\u00f3n ambiental en relaci\u00f3n a la remediaci\u00f3n Integral del Estero Salado, control y vigilancia en los ramales interiores del Estero Salado y sus zonas de influencia directa de los sectores de La Chala, Cristo del Consuelo, Cisne II, Suburbio Oeste, Las Malvinas, entre otros.<\/p>\n<p>Adem\u00e1s se dictan charlas de capacitaci\u00f3n e inducci\u00f3n referente a la tem\u00e1tica ambiental a tratar en la comunidad que habita en los sectores aleda\u00f1os al Estero Salado, con el objetivo de dar fiel cumplimiento al Compromiso Presidencial N\u00b0 20961 \u201cMulta y prisi\u00f3n a ciudadanos que arrojen desechos s\u00f3lidos en el Estero Salado y sectores aleda\u00f1os\u201d.<\/p>\n","protected":false},"excerpt":{"rendered":"<p class=\"excerpt\">El Ministerio del Ambiente (MAE), particip\u00f3 en el Cuarto Di\u00e1logo organizado por las Comunidades para la Construcci\u00f3n de la Ciudadan\u00eda Participativa, desarrollada en el Colegio Fiscal Patria Ecuatoriana, en la ciudad de Guayaquil, con el objetivo de dar a conocer las diferentes actividades estrat\u00e9gicas de Educaci\u00f3n Ambiental y Social. En la mesa de di\u00e1logo se socializ\u00f3 sobre las acciones y&hellip; <a href=\"https:\/\/www.ambienteyenergia.gob.ec\/ambiente\/mae-participa-en-la-cuarto-dialogo-con-el-tema-de-educacion-ambienta-y-social-en-guayaquil\/\">Read more &rarr;<\/a><\/p>\n","protected":false},"author":13,"featured_media":20219,"comment_status":"open","ping_status":"open","sticky":false,"template":"","format":"standard","meta":{"footnotes":""},"categories":[16,4],"tags":[],"class_list":["post-20218","post","type-post","status-publish","format-standard","has-post-thumbnail","hentry","category-comunicamos","category-noticias","xfolkentry"],"_links":{"self":[{"href":"https:\/\/www.ambienteyenergia.gob.ec\/ambiente\/wp-json\/wp\/v2\/posts\/20218","targetHints":{"allow":["GET"]}}],"collection":[{"href":"https:\/\/www.ambienteyenergia.gob.ec\/ambiente\/wp-json\/wp\/v2\/posts"}],"about":[{"href":"https:\/\/www.ambienteyenergia.gob.ec\/ambiente\/wp-json\/wp\/v2\/types\/post"}],"author":[{"embeddable":true,"href":"https:\/\/www.ambienteyenergia.gob.ec\/ambiente\/wp-json\/wp\/v2\/users\/13"}],"replies":[{"embeddable":true,"href":"https:\/\/www.ambienteyenergia.gob.ec\/ambiente\/wp-json\/wp\/v2\/comments?post=20218"}],"version-history":[{"count":0,"href":"https:\/\/www.ambienteyenergia.gob.ec\/ambiente\/wp-json\/wp\/v2\/posts\/20218\/revisions"}],"wp:featuredmedia":[{"embeddable":true,"href":"https:\/\/www.ambienteyenergia.gob.ec\/ambiente\/wp-json\/wp\/v2\/media\/20219"}],"wp:attachment":[{"href":"https:\/\/www.ambienteyenergia.gob.ec\/ambiente\/wp-json\/wp\/v2\/media?parent=20218"}],"wp:term":[{"taxonomy":"category","embeddable":true,"href":"https:\/\/www.ambienteyenergia.gob.ec\/ambiente\/wp-json\/wp\/v2\/categories?post=20218"},{"taxonomy":"post_tag","embeddable":true,"href":"https:\/\/www.ambienteyenergia.gob.ec\/ambiente\/wp-json\/wp\/v2\/tags?post=20218"}],"curies":[{"name":"wp","href":"https:\/\/api.w.org\/{rel}","templated":true}]}}