{"id":20213,"date":"2014-05-20T16:52:04","date_gmt":"2014-05-20T21:52:04","guid":{"rendered":"http:\/\/www.ambiente.gob.ec\/?p=20213"},"modified":"2014-05-21T08:28:23","modified_gmt":"2014-05-21T13:28:23","slug":"mae-realizo-la-i-reunion-tecnica-sobre-remediacion-integral-del-estero-salado-en-guayaquil","status":"publish","type":"post","link":"https:\/\/www.ambienteyenergia.gob.ec\/ambiente\/mae-realizo-la-i-reunion-tecnica-sobre-remediacion-integral-del-estero-salado-en-guayaquil\/","title":{"rendered":"MAE realiz\u00f3 la I Reuni\u00f3n T\u00e9cnica sobre Remediaci\u00f3n Integral del Estero Salado en Guayaquil"},"content":{"rendered":"<p style=\"text-align: justify;\">Como parte de las acciones que lleva a cabo el Ministerio del Ambiente (MAE), para la remediaci\u00f3n integral del Estero Salado, se realiz\u00f3\u00a0 una reuni\u00f3n\u00a0 t\u00e9cnica\u00a0 con la finalidad de evaluar la propuesta de remoci\u00f3n de sedimentos presentada por el empresa BIOX C\u00eda. Ltda., para intervenir en el tramos del estero denominado Estero Palanqueado.<br \/>\nEsta empresa propone tres procesos de extracci\u00f3n y descontaminaci\u00f3n de sedimentos en este ecosistema estuarino: el primero, consiste en la desorci\u00f3n de los contaminantes en agua y sedimentos; segundo, la separaci\u00f3n de part\u00edculas gruesas con finas; y tercero la remediaci\u00f3n del sitio con el aislamiento\u00a0 de los contaminantes y la reutilizaci\u00f3n del lodo descontaminado para una disposici\u00f3n adecuada.<\/p>\n<p>El evento cont\u00f3 con la presencia del Subsecretario, Blgo. Eliecer Cruz; el Director Provincial Ambiente del Guayas, Ing. Pablo Segale; el Gerente del Proyecto Guayaquil Ecol\u00f3gico, Blgo. Jos\u00e9 Francisco Medina y funcionarios de varias instituciones p\u00fablicas como Secretar\u00eda T\u00e9cnica del Mar (SETEMAR), \u00a0 Instituto Oceanogr\u00e1fico de la Armada (INOCAR) y del Municipio de Guayaquil. Tambi\u00e9n de Organizaciones No Gubernamentales, tales como Concepto Azul, Agencia de los Estados Unidos para el Desarrollo Internacional (USAID ECUADOR), el Instituto Nazca de Investigaciones Marinas, entre otros.<\/p>\n<p>Durante la reuni\u00f3n, se debati\u00f3 propuestas para la restauraci\u00f3n sist\u00e9mica del Estero Salado, involucrando a la comunidad\u00a0 para fortalecer los v\u00ednculos de conservaci\u00f3n de este estuario y su biodiversidad.<\/p>\n<p>Se realizar\u00e1n controles permanentes para controlar y vigilar a quienes atenten contra el equilibrio del ecosistema, por medio de descargas industriales de\u00a0 desechos s\u00f3lidos y l\u00edquidos, con el objetivo de evitar un aumento en la contaminaci\u00f3n y\u00a0 atenuar los niveles de poluci\u00f3n.<\/p>\n<p>Dentro de este proceso para sanear el estero se propone un proyecto piloto de dragado y remediaci\u00f3n ambiental. En la primera fase se prev\u00e9 intervenir en el estero Palanqueado y replicar en el resto de ramales. Durante el dragado se controlar\u00e1 la suspensi\u00f3n de contaminantes, adem\u00e1s de mitigar los olores a trav\u00e9s de la oxigenaci\u00f3n de los sedimentos.<\/p>\n<p>\u201cLa idea es iniciar la extracci\u00f3n del estrangulamiento del Estero Palanqueado, debido a que el MIDUVI ha reubicado a los habitantes del lugar, con el objetivo de volver a tener el flujo natural del agua quitando tres metros de material de relleno, e iniciar el proceso de restauraci\u00f3n\u201d, mencion\u00f3 el Blgo. Eliecer Cruz, Subsecretario de Gesti\u00f3n Marina y Costera del MAE.<\/p>\n","protected":false},"excerpt":{"rendered":"<p class=\"excerpt\">Como parte de las acciones que lleva a cabo el Ministerio del Ambiente (MAE), para la remediaci\u00f3n integral del Estero Salado, se realiz\u00f3\u00a0 una reuni\u00f3n\u00a0 t\u00e9cnica\u00a0 con la finalidad de evaluar la propuesta de remoci\u00f3n de sedimentos presentada por el empresa BIOX C\u00eda. Ltda., para intervenir en el tramos del estero denominado Estero Palanqueado. Esta empresa propone tres procesos de&hellip; <a href=\"https:\/\/www.ambienteyenergia.gob.ec\/ambiente\/mae-realizo-la-i-reunion-tecnica-sobre-remediacion-integral-del-estero-salado-en-guayaquil\/\">Read more &rarr;<\/a><\/p>\n","protected":false},"author":13,"featured_media":20214,"comment_status":"open","ping_status":"open","sticky":false,"template":"","format":"standard","meta":{"footnotes":""},"categories":[16,4],"tags":[],"class_list":["post-20213","post","type-post","status-publish","format-standard","has-post-thumbnail","hentry","category-comunicamos","category-noticias","xfolkentry"],"_links":{"self":[{"href":"https:\/\/www.ambienteyenergia.gob.ec\/ambiente\/wp-json\/wp\/v2\/posts\/20213","targetHints":{"allow":["GET"]}}],"collection":[{"href":"https:\/\/www.ambienteyenergia.gob.ec\/ambiente\/wp-json\/wp\/v2\/posts"}],"about":[{"href":"https:\/\/www.ambienteyenergia.gob.ec\/ambiente\/wp-json\/wp\/v2\/types\/post"}],"author":[{"embeddable":true,"href":"https:\/\/www.ambienteyenergia.gob.ec\/ambiente\/wp-json\/wp\/v2\/users\/13"}],"replies":[{"embeddable":true,"href":"https:\/\/www.ambienteyenergia.gob.ec\/ambiente\/wp-json\/wp\/v2\/comments?post=20213"}],"version-history":[{"count":0,"href":"https:\/\/www.ambienteyenergia.gob.ec\/ambiente\/wp-json\/wp\/v2\/posts\/20213\/revisions"}],"wp:featuredmedia":[{"embeddable":true,"href":"https:\/\/www.ambienteyenergia.gob.ec\/ambiente\/wp-json\/wp\/v2\/media\/20214"}],"wp:attachment":[{"href":"https:\/\/www.ambienteyenergia.gob.ec\/ambiente\/wp-json\/wp\/v2\/media?parent=20213"}],"wp:term":[{"taxonomy":"category","embeddable":true,"href":"https:\/\/www.ambienteyenergia.gob.ec\/ambiente\/wp-json\/wp\/v2\/categories?post=20213"},{"taxonomy":"post_tag","embeddable":true,"href":"https:\/\/www.ambienteyenergia.gob.ec\/ambiente\/wp-json\/wp\/v2\/tags?post=20213"}],"curies":[{"name":"wp","href":"https:\/\/api.w.org\/{rel}","templated":true}]}}