{"id":20211,"date":"2014-05-20T16:49:11","date_gmt":"2014-05-20T21:49:11","guid":{"rendered":"http:\/\/www.ambiente.gob.ec\/?p=20211"},"modified":"2014-05-21T08:05:22","modified_gmt":"2014-05-21T13:05:22","slug":"mae-socializa-el-plan-de-regularizacion-de-actividades-de-mineria-artesanal-preman-en-esmeraldas","status":"publish","type":"post","link":"https:\/\/www.ambienteyenergia.gob.ec\/ambiente\/mae-socializa-el-plan-de-regularizacion-de-actividades-de-mineria-artesanal-preman-en-esmeraldas\/","title":{"rendered":"MAE socializa el Plan de Regularizaci\u00f3n de Actividades de Miner\u00eda Artesanal (PREMAN) en Esmeraldas"},"content":{"rendered":"<p style=\"text-align: justify;\">El Ministerio del Ambiente (MAE), a trav\u00e9s de la Direcci\u00f3n Provincial del Ambiente de Esmeraldas (DPAE) particip\u00f3 de la socializaci\u00f3n del Plan de Regularizaci\u00f3n de Actividades de Miner\u00eda Artesanal (PREMAN) realizada en el sal\u00f3n auditorio de la Gobernaci\u00f3n de Esmeraldas, en la cual participaron instituciones tales como SENAGUA, Ministerio de Recursos Naturales No Renovables (MRNNR), Subsecretar\u00eda de Minas, Agencia de Regulaci\u00f3n y Control Minero (Arcom), Gobernaci\u00f3n y periodistas de la provincia.<\/p>\n<p style=\"text-align: justify;\">La Ing. Jessica Loarte responsable de la Unidad de Calidad Ambiental de la DPAE fue la encargada de socializar las actividades que como MAE se han venido ejecutando a lo largo de este proceso.<\/p>\n<p style=\"text-align: justify;\">El objetivo de este taller es el de brindar las herramientas y conocimientos necesarios a las personas involucradas en el proceso de extracci\u00f3n artesanal minera, con la finalidad de regularizar su labor para prevenir, mitigar y reducir los impactos ambientales que pueda provocar la actividad hacia los recursos naturales de agua, suelo, aire, flora y fauna.<\/p>\n<p style=\"text-align: justify;\">Es necesario mencionar que desde el a\u00f1o 2012 esta Cartera de Estado inici\u00f3 el proceso de regularizaci\u00f3n, sin embargo los resultados han sido limitados, es por ello que el Ministerio Coordinador de Sectores Estrat\u00e9gicos (MICSE), ha contratado un equipo t\u00e9cnico multidisciplinario, quienes apoyaran a los mineros artesanales en la elaboraci\u00f3n de las fichas y PMA.<\/p>\n<p><strong>El Dato<\/strong><\/p>\n<p>El PREMAN es un compromiso presidencial coordinado por el Ministerio Coordinador de Sectores Estrat\u00e9gicos, conjuntamente con MRNNR, ARCOM, MAE, y SENAGUA; cuya meta es lograr la regularizaci\u00f3n de los mineros artesanales que se encuentran realizando actividades en \u00e1reas libres, cuyo plazo es de junio a diciembre del 2014.<\/p>\n","protected":false},"excerpt":{"rendered":"<p class=\"excerpt\">El Ministerio del Ambiente (MAE), a trav\u00e9s de la Direcci\u00f3n Provincial del Ambiente de Esmeraldas (DPAE) particip\u00f3 de la socializaci\u00f3n del Plan de Regularizaci\u00f3n de Actividades de Miner\u00eda Artesanal (PREMAN) realizada en el sal\u00f3n auditorio de la Gobernaci\u00f3n de Esmeraldas, en la cual participaron instituciones tales como SENAGUA, Ministerio de Recursos Naturales No Renovables (MRNNR), Subsecretar\u00eda de Minas, Agencia de&hellip; <a href=\"https:\/\/www.ambienteyenergia.gob.ec\/ambiente\/mae-socializa-el-plan-de-regularizacion-de-actividades-de-mineria-artesanal-preman-en-esmeraldas\/\">Read more &rarr;<\/a><\/p>\n","protected":false},"author":13,"featured_media":19936,"comment_status":"open","ping_status":"open","sticky":false,"template":"","format":"standard","meta":{"footnotes":""},"categories":[16,4],"tags":[],"class_list":["post-20211","post","type-post","status-publish","format-standard","has-post-thumbnail","hentry","category-comunicamos","category-noticias","xfolkentry"],"_links":{"self":[{"href":"https:\/\/www.ambienteyenergia.gob.ec\/ambiente\/wp-json\/wp\/v2\/posts\/20211","targetHints":{"allow":["GET"]}}],"collection":[{"href":"https:\/\/www.ambienteyenergia.gob.ec\/ambiente\/wp-json\/wp\/v2\/posts"}],"about":[{"href":"https:\/\/www.ambienteyenergia.gob.ec\/ambiente\/wp-json\/wp\/v2\/types\/post"}],"author":[{"embeddable":true,"href":"https:\/\/www.ambienteyenergia.gob.ec\/ambiente\/wp-json\/wp\/v2\/users\/13"}],"replies":[{"embeddable":true,"href":"https:\/\/www.ambienteyenergia.gob.ec\/ambiente\/wp-json\/wp\/v2\/comments?post=20211"}],"version-history":[{"count":0,"href":"https:\/\/www.ambienteyenergia.gob.ec\/ambiente\/wp-json\/wp\/v2\/posts\/20211\/revisions"}],"wp:featuredmedia":[{"embeddable":true,"href":"https:\/\/www.ambienteyenergia.gob.ec\/ambiente\/wp-json\/wp\/v2\/media\/19936"}],"wp:attachment":[{"href":"https:\/\/www.ambienteyenergia.gob.ec\/ambiente\/wp-json\/wp\/v2\/media?parent=20211"}],"wp:term":[{"taxonomy":"category","embeddable":true,"href":"https:\/\/www.ambienteyenergia.gob.ec\/ambiente\/wp-json\/wp\/v2\/categories?post=20211"},{"taxonomy":"post_tag","embeddable":true,"href":"https:\/\/www.ambienteyenergia.gob.ec\/ambiente\/wp-json\/wp\/v2\/tags?post=20211"}],"curies":[{"name":"wp","href":"https:\/\/api.w.org\/{rel}","templated":true}]}}