{"id":20208,"date":"2014-05-20T16:47:42","date_gmt":"2014-05-20T21:47:42","guid":{"rendered":"http:\/\/www.ambiente.gob.ec\/?p=20208"},"modified":"2014-05-20T16:47:42","modified_gmt":"2014-05-20T21:47:42","slug":"mae-imparte-taller-sobre-gestion-de-conflictos-socioambientales-en-napo","status":"publish","type":"post","link":"https:\/\/www.ambienteyenergia.gob.ec\/ambiente\/mae-imparte-taller-sobre-gestion-de-conflictos-socioambientales-en-napo\/","title":{"rendered":"MAE imparte taller sobre  Gesti\u00f3n de Conflictos Socioambientales en Napo"},"content":{"rendered":"<p style=\"text-align: justify;\">El Ministerio del Ambiente (MAE), a trav\u00e9s de la Direcci\u00f3n Provincial del Ambiente de Napo (DPAN), en alianza con la Cooperaci\u00f3n Alemana GIZ, imparte el Taller \u201cGesti\u00f3n de Conflictos Socioambientales\u201d, con la participaci\u00f3n de guardaparques de la Reserva Biol\u00f3gica Colonso Chalupas, Parque Nacional Llangantes, Parque Nacional Sumaco, la Reserva Ecol\u00f3gica Antisana y Parque Nacional Cayambe Coca.<\/p>\n<p>El objetivo del este encuentro es fortalecer las capacidades de los funcionarios en relaci\u00f3n a herramientas para conocer, estructurar y practicar t\u00e9cnicas y procedimientos que les permita mejorar y ampliar sus destrezas para la gesti\u00f3n de conflictos socio ambientales, vinculados a acciones de control y vigilancia forestal y de vida silvestre impulsadas por esta Cartera de Estado.<\/p>\n<p>El evento se desarrollar\u00e1\u00a0 hasta el 21 de mayo, en la ciudad de Tena, en las instalaciones de la DPAN donde se tratar\u00e1n, adem\u00e1s del manejo de conflictos, tem\u00e1ticas como: Normativas Forestal, de Calidad Ambiental, de \u00c1reas Protegidas, Vida Silvestre y Tenencia de tierras, para poner a disposici\u00f3n de los participantes, instrumentos necesarios para la intervenci\u00f3n apropiada en sus \u00e1mbitos de relaci\u00f3n laboral, sociocultural y ambiental.<\/p>\n","protected":false},"excerpt":{"rendered":"<p class=\"excerpt\">El Ministerio del Ambiente (MAE), a trav\u00e9s de la Direcci\u00f3n Provincial del Ambiente de Napo (DPAN), en alianza con la Cooperaci\u00f3n Alemana GIZ, imparte el Taller \u201cGesti\u00f3n de Conflictos Socioambientales\u201d, con la participaci\u00f3n de guardaparques de la Reserva Biol\u00f3gica Colonso Chalupas, Parque Nacional Llangantes, Parque Nacional Sumaco, la Reserva Ecol\u00f3gica Antisana y Parque Nacional Cayambe Coca. El objetivo del este&hellip; <a href=\"https:\/\/www.ambienteyenergia.gob.ec\/ambiente\/mae-imparte-taller-sobre-gestion-de-conflictos-socioambientales-en-napo\/\">Read more &rarr;<\/a><\/p>\n","protected":false},"author":13,"featured_media":20209,"comment_status":"open","ping_status":"open","sticky":false,"template":"","format":"standard","meta":{"footnotes":""},"categories":[16,4],"tags":[],"class_list":["post-20208","post","type-post","status-publish","format-standard","has-post-thumbnail","hentry","category-comunicamos","category-noticias","xfolkentry"],"_links":{"self":[{"href":"https:\/\/www.ambienteyenergia.gob.ec\/ambiente\/wp-json\/wp\/v2\/posts\/20208","targetHints":{"allow":["GET"]}}],"collection":[{"href":"https:\/\/www.ambienteyenergia.gob.ec\/ambiente\/wp-json\/wp\/v2\/posts"}],"about":[{"href":"https:\/\/www.ambienteyenergia.gob.ec\/ambiente\/wp-json\/wp\/v2\/types\/post"}],"author":[{"embeddable":true,"href":"https:\/\/www.ambienteyenergia.gob.ec\/ambiente\/wp-json\/wp\/v2\/users\/13"}],"replies":[{"embeddable":true,"href":"https:\/\/www.ambienteyenergia.gob.ec\/ambiente\/wp-json\/wp\/v2\/comments?post=20208"}],"version-history":[{"count":0,"href":"https:\/\/www.ambienteyenergia.gob.ec\/ambiente\/wp-json\/wp\/v2\/posts\/20208\/revisions"}],"wp:featuredmedia":[{"embeddable":true,"href":"https:\/\/www.ambienteyenergia.gob.ec\/ambiente\/wp-json\/wp\/v2\/media\/20209"}],"wp:attachment":[{"href":"https:\/\/www.ambienteyenergia.gob.ec\/ambiente\/wp-json\/wp\/v2\/media?parent=20208"}],"wp:term":[{"taxonomy":"category","embeddable":true,"href":"https:\/\/www.ambienteyenergia.gob.ec\/ambiente\/wp-json\/wp\/v2\/categories?post=20208"},{"taxonomy":"post_tag","embeddable":true,"href":"https:\/\/www.ambienteyenergia.gob.ec\/ambiente\/wp-json\/wp\/v2\/tags?post=20208"}],"curies":[{"name":"wp","href":"https:\/\/api.w.org\/{rel}","templated":true}]}}