{"id":20204,"date":"2014-05-20T13:47:07","date_gmt":"2014-05-20T18:47:07","guid":{"rendered":"http:\/\/www.ambiente.gob.ec\/?p=20204"},"modified":"2014-05-20T13:47:07","modified_gmt":"2014-05-20T18:47:07","slug":"desembarcan-sin-contratiempos-tanques-de-aceite-del-galapaface-i","status":"publish","type":"post","link":"https:\/\/www.ambienteyenergia.gob.ec\/ambiente\/desembarcan-sin-contratiempos-tanques-de-aceite-del-galapaface-i\/","title":{"rendered":"Desembarcan, sin contratiempos, tanques de aceite del Galapaface I"},"content":{"rendered":"<p><em>Los t\u00e9cnicos de la empresa de salvataje localizaron la carga de la primera bodega<\/em>.<\/p>\n<p style=\"text-align: justify;\">Por declaraciones de los administradores de la nave encallada Galapaface I, se conoc\u00eda la existencia de aproximadamente 46 tanques de aceite lubricante en la bodega inferior de la nave la cual se encuentra inundada.<\/p>\n<p style=\"text-align: justify;\">El d\u00eda de ayer, lunes 19 de mayo, la empresa de salvataje localiz\u00f3 el material contaminante y esta ma\u00f1ana empezaron las labores de evacuaci\u00f3n de los tanques que a\u00fan se encontraban en buen estado, lo que garantiza que no existe derrame al interior de la bodega.<\/p>\n<p style=\"text-align: justify;\">Paralelamente, tres buzos de la Direcci\u00f3n del Parque Nacional Gal\u00e1pagos (DPNG), del Ministerio del Ambiente y de la Fundaci\u00f3n Charles Darwin, realizaron el monitoreo ecol\u00f3gico del fondo marino, en tres sitios estrat\u00e9gicos de la zona primaria de afectaci\u00f3n. Los t\u00e9cnicos establecieron transeptos y recogieron los datos de la cantidad y el tama\u00f1o estimado de peces, macroinvertebrados (pepinos, estrellas y erizos de mar) y de organismos inm\u00f3viles sujetos al sustrato marino, que se observaron dentro del monitoreo. El objetivo es crear una l\u00ednea base del estado de los recursos marinos en el \u00e1rea de influencia del encallamiento.<\/p>\n<p style=\"text-align: justify;\">A bordo de la nave encallada, los funcionarios de la DPNG y de la Agencia de Bioseguridad para Gal\u00e1pagos (ABG) realizan el desembarque de la carga perecedera que ya se encuentra en estado de descomposici\u00f3n, para darle tratamiento final. En esta labor tambi\u00e9n est\u00e1 contribuyendo la Armada del Ecuador con la disposici\u00f3n de su barcaza para el traslado.<\/p>\n<p style=\"text-align: justify;\">En tierra, funcionarios del Ministerio del Ambiente recorren las orillas de la zona de influencia para detectar posibles alteraciones en el comportamiento de las especies o afectaciones directas. Hasta el momento no se han reportado cambios.<\/p>\n<p>&nbsp;<\/p>\n","protected":false},"excerpt":{"rendered":"<p class=\"excerpt\">Los t\u00e9cnicos de la empresa de salvataje localizaron la carga de la primera bodega. Por declaraciones de los administradores de la nave encallada Galapaface I, se conoc\u00eda la existencia de aproximadamente 46 tanques de aceite lubricante en la bodega inferior de la nave la cual se encuentra inundada. El d\u00eda de ayer, lunes 19 de mayo, la empresa de salvataje&hellip; <a href=\"https:\/\/www.ambienteyenergia.gob.ec\/ambiente\/desembarcan-sin-contratiempos-tanques-de-aceite-del-galapaface-i\/\">Read more &rarr;<\/a><\/p>\n","protected":false},"author":13,"featured_media":20206,"comment_status":"open","ping_status":"open","sticky":false,"template":"","format":"standard","meta":{"footnotes":""},"categories":[16,4],"tags":[56,108,53,54],"class_list":["post-20204","post","type-post","status-publish","format-standard","has-post-thumbnail","hentry","category-comunicamos","category-noticias","tag-galapagos","tag-lorena-tapia","tag-mae","tag-ministerio-del-ambiente","xfolkentry"],"_links":{"self":[{"href":"https:\/\/www.ambienteyenergia.gob.ec\/ambiente\/wp-json\/wp\/v2\/posts\/20204","targetHints":{"allow":["GET"]}}],"collection":[{"href":"https:\/\/www.ambienteyenergia.gob.ec\/ambiente\/wp-json\/wp\/v2\/posts"}],"about":[{"href":"https:\/\/www.ambienteyenergia.gob.ec\/ambiente\/wp-json\/wp\/v2\/types\/post"}],"author":[{"embeddable":true,"href":"https:\/\/www.ambienteyenergia.gob.ec\/ambiente\/wp-json\/wp\/v2\/users\/13"}],"replies":[{"embeddable":true,"href":"https:\/\/www.ambienteyenergia.gob.ec\/ambiente\/wp-json\/wp\/v2\/comments?post=20204"}],"version-history":[{"count":0,"href":"https:\/\/www.ambienteyenergia.gob.ec\/ambiente\/wp-json\/wp\/v2\/posts\/20204\/revisions"}],"wp:featuredmedia":[{"embeddable":true,"href":"https:\/\/www.ambienteyenergia.gob.ec\/ambiente\/wp-json\/wp\/v2\/media\/20206"}],"wp:attachment":[{"href":"https:\/\/www.ambienteyenergia.gob.ec\/ambiente\/wp-json\/wp\/v2\/media?parent=20204"}],"wp:term":[{"taxonomy":"category","embeddable":true,"href":"https:\/\/www.ambienteyenergia.gob.ec\/ambiente\/wp-json\/wp\/v2\/categories?post=20204"},{"taxonomy":"post_tag","embeddable":true,"href":"https:\/\/www.ambienteyenergia.gob.ec\/ambiente\/wp-json\/wp\/v2\/tags?post=20204"}],"curies":[{"name":"wp","href":"https:\/\/api.w.org\/{rel}","templated":true}]}}