{"id":20201,"date":"2014-05-20T12:52:14","date_gmt":"2014-05-20T17:52:14","guid":{"rendered":"http:\/\/www.ambiente.gob.ec\/?p=20201"},"modified":"2014-06-06T11:13:03","modified_gmt":"2014-06-06T16:13:03","slug":"jornada-de-restauracion-forestal-se-realizo-en-azuay","status":"publish","type":"post","link":"https:\/\/www.ambienteyenergia.gob.ec\/ambiente\/jornada-de-restauracion-forestal-se-realizo-en-azuay\/","title":{"rendered":"Jornada de restauraci\u00f3n forestal se realiz\u00f3 en Azuay"},"content":{"rendered":"<p style=\"text-align: justify;\">Como parte de la meta de restauraci\u00f3n forestal que se ha planteado el Ministerio del Ambiente (MAE) para este a\u00f1o, la Direcci\u00f3n Provincial de Azuay organiz\u00f3 una jornada de reforestaci\u00f3n en las parroquias de Guel y Molleturo, en la que se sembraron plantas nativas como alisos, sigsales y guabisay, que fueron donadas, gracias a la gesti\u00f3n del MAE.\u00a0Esta actividad cont\u00f3 con el apoyo de j\u00f3venes voluntarios del proyecto de Servicio Civil Ciudadano y miembros de la comunidad.<\/p>\n<p style=\"text-align: justify;\">T\u00e9cnicos del MAE participaron en la elaboraci\u00f3n del hoyado para la siembra, medici\u00f3n del terreno, verificaci\u00f3n, clasificaci\u00f3n de las plantas para luego proceder a la reforestaci\u00f3n de la zona.<\/p>\n<p style=\"text-align: justify;\">El objetivo de este tipo acciones y de la estrategia de restauraci\u00f3n activa es cuidar y proteger los ecosistemas para que los recursos naturales como la biodiversidad y el agua se mantengan.<\/p>\n<p style=\"text-align: justify;\">\n","protected":false},"excerpt":{"rendered":"<p class=\"excerpt\">Como parte de la meta de restauraci\u00f3n forestal que se ha planteado el Ministerio del Ambiente (MAE) para este a\u00f1o, la Direcci\u00f3n Provincial de Azuay organiz\u00f3 una jornada de reforestaci\u00f3n en las parroquias de Guel y Molleturo, en la que se sembraron plantas nativas como alisos, sigsales y guabisay, que fueron donadas, gracias a la gesti\u00f3n del MAE.\u00a0Esta actividad cont\u00f3&hellip; <a href=\"https:\/\/www.ambienteyenergia.gob.ec\/ambiente\/jornada-de-restauracion-forestal-se-realizo-en-azuay\/\">Read more &rarr;<\/a><\/p>\n","protected":false},"author":13,"featured_media":20202,"comment_status":"open","ping_status":"open","sticky":false,"template":"","format":"standard","meta":{"footnotes":""},"categories":[16,4],"tags":[108,53,54,459],"class_list":["post-20201","post","type-post","status-publish","format-standard","has-post-thumbnail","hentry","category-comunicamos","category-noticias","tag-lorena-tapia","tag-mae","tag-ministerio-del-ambiente","tag-restauracion-forestal","xfolkentry"],"_links":{"self":[{"href":"https:\/\/www.ambienteyenergia.gob.ec\/ambiente\/wp-json\/wp\/v2\/posts\/20201","targetHints":{"allow":["GET"]}}],"collection":[{"href":"https:\/\/www.ambienteyenergia.gob.ec\/ambiente\/wp-json\/wp\/v2\/posts"}],"about":[{"href":"https:\/\/www.ambienteyenergia.gob.ec\/ambiente\/wp-json\/wp\/v2\/types\/post"}],"author":[{"embeddable":true,"href":"https:\/\/www.ambienteyenergia.gob.ec\/ambiente\/wp-json\/wp\/v2\/users\/13"}],"replies":[{"embeddable":true,"href":"https:\/\/www.ambienteyenergia.gob.ec\/ambiente\/wp-json\/wp\/v2\/comments?post=20201"}],"version-history":[{"count":0,"href":"https:\/\/www.ambienteyenergia.gob.ec\/ambiente\/wp-json\/wp\/v2\/posts\/20201\/revisions"}],"wp:featuredmedia":[{"embeddable":true,"href":"https:\/\/www.ambienteyenergia.gob.ec\/ambiente\/wp-json\/wp\/v2\/media\/20202"}],"wp:attachment":[{"href":"https:\/\/www.ambienteyenergia.gob.ec\/ambiente\/wp-json\/wp\/v2\/media?parent=20201"}],"wp:term":[{"taxonomy":"category","embeddable":true,"href":"https:\/\/www.ambienteyenergia.gob.ec\/ambiente\/wp-json\/wp\/v2\/categories?post=20201"},{"taxonomy":"post_tag","embeddable":true,"href":"https:\/\/www.ambienteyenergia.gob.ec\/ambiente\/wp-json\/wp\/v2\/tags?post=20201"}],"curies":[{"name":"wp","href":"https:\/\/api.w.org\/{rel}","templated":true}]}}