{"id":20197,"date":"2014-05-20T12:25:27","date_gmt":"2014-05-20T17:25:27","guid":{"rendered":"http:\/\/www.ambiente.gob.ec\/?p=20197"},"modified":"2014-05-20T12:30:34","modified_gmt":"2014-05-20T17:30:34","slug":"mineros-artesanales-fueron-capacitados-en-temas-de-regularizacion-ambiental-en-azuay","status":"publish","type":"post","link":"https:\/\/www.ambienteyenergia.gob.ec\/ambiente\/mineros-artesanales-fueron-capacitados-en-temas-de-regularizacion-ambiental-en-azuay\/","title":{"rendered":"Mineros artesanales fueron capacitados en temas de regularizaci\u00f3n ambiental en Azuay"},"content":{"rendered":"<p style=\"text-align: justify;\">El Ministerio del Ambiente (MAE), a trav\u00e9s de la Direcci\u00f3n Provincial de Azuay, realiz\u00f3 el pasado 14 de mayo, la presentaci\u00f3n del proyecto Programa de Rehabilitaci\u00f3n para Miner\u00eda Artesanal en el Ecuador del grupo PREMAN, en el sal\u00f3n de la gobernaci\u00f3n de la provincia de Azuay. Asimismo, se aprovech\u00f3 la ocasi\u00f3n para reunirse con diferentes grupos de mineros artesanales con quienes se trataron temas de regularizaci\u00f3n ambiental.<\/p>\n<p style=\"text-align: justify;\">Esta actividad se ejecut\u00f3 con el prop\u00f3sito de trabajar directamente con los mineros artesanales en diferentes temas enfocados en el proceso de regularizaci\u00f3n, aspectos t\u00e9cnicos mineros y beneficios del mismo.<\/p>\n<p style=\"text-align: justify;\">Una de las metas de este encuentro fue difundir conocimientos generales sobre temas mineros para que las personas que se dedican a esta actividad tengan m\u00e1s informaci\u00f3n sobre la normativa legal. Para lo cual, t\u00e9cnicos de esta Cartera de Estado realizaron la presentaci\u00f3n del proceso de regularizaci\u00f3n ambiental para mineros artesanales, clarificando lo se\u00f1alado en el Acuerdo Ministerial Nro. 060 sobre la utilizaci\u00f3n de mercurio.<\/p>\n<p style=\"text-align: justify;\">De la misma forma, se explic\u00f3 que la regularizaci\u00f3n debe priorizar la revisi\u00f3n de la documentaci\u00f3n. Adem\u00e1s, se procedi\u00f3 a realizar una capacitaci\u00f3n sobre regularizaci\u00f3n en base al Acuerdo Ministerial Nro. 027, que se refiere a la ficha para miner\u00eda artesanal.<\/p>\n<p style=\"text-align: justify;\">Finalmente, se comunic\u00f3 a los participantes que esta Cartera de Estado crear\u00e1 una base de datos de actividades mineras artesanales, con el fin de tener un control m\u00e1s adecuado y eficaz de estos procesos, incentivando la asociatividad y emprendimientos productivos que beneficien a la comunidad.<\/p>\n<p style=\"text-align: justify;\">El MAE, como principal autoridad ambiental del pa\u00eds, busca la regularizaci\u00f3n de mineros artesanales a nivel nacional, para de esta manera controlar la miner\u00eda ilegal.<\/p>\n<p>&nbsp;<\/p>\n","protected":false},"excerpt":{"rendered":"<p class=\"excerpt\">El Ministerio del Ambiente (MAE), a trav\u00e9s de la Direcci\u00f3n Provincial de Azuay, realiz\u00f3 el pasado 14 de mayo, la presentaci\u00f3n del proyecto Programa de Rehabilitaci\u00f3n para Miner\u00eda Artesanal en el Ecuador del grupo PREMAN, en el sal\u00f3n de la gobernaci\u00f3n de la provincia de Azuay. Asimismo, se aprovech\u00f3 la ocasi\u00f3n para reunirse con diferentes grupos de mineros artesanales con&hellip; <a href=\"https:\/\/www.ambienteyenergia.gob.ec\/ambiente\/mineros-artesanales-fueron-capacitados-en-temas-de-regularizacion-ambiental-en-azuay\/\">Read more &rarr;<\/a><\/p>\n","protected":false},"author":13,"featured_media":19936,"comment_status":"open","ping_status":"open","sticky":false,"template":"","format":"standard","meta":{"footnotes":""},"categories":[16,4],"tags":[212,108,53,125,54],"class_list":["post-20197","post","type-post","status-publish","format-standard","has-post-thumbnail","hentry","category-comunicamos","category-noticias","tag-azuay","tag-lorena-tapia","tag-mae","tag-mineria","tag-ministerio-del-ambiente","xfolkentry"],"_links":{"self":[{"href":"https:\/\/www.ambienteyenergia.gob.ec\/ambiente\/wp-json\/wp\/v2\/posts\/20197","targetHints":{"allow":["GET"]}}],"collection":[{"href":"https:\/\/www.ambienteyenergia.gob.ec\/ambiente\/wp-json\/wp\/v2\/posts"}],"about":[{"href":"https:\/\/www.ambienteyenergia.gob.ec\/ambiente\/wp-json\/wp\/v2\/types\/post"}],"author":[{"embeddable":true,"href":"https:\/\/www.ambienteyenergia.gob.ec\/ambiente\/wp-json\/wp\/v2\/users\/13"}],"replies":[{"embeddable":true,"href":"https:\/\/www.ambienteyenergia.gob.ec\/ambiente\/wp-json\/wp\/v2\/comments?post=20197"}],"version-history":[{"count":0,"href":"https:\/\/www.ambienteyenergia.gob.ec\/ambiente\/wp-json\/wp\/v2\/posts\/20197\/revisions"}],"wp:featuredmedia":[{"embeddable":true,"href":"https:\/\/www.ambienteyenergia.gob.ec\/ambiente\/wp-json\/wp\/v2\/media\/19936"}],"wp:attachment":[{"href":"https:\/\/www.ambienteyenergia.gob.ec\/ambiente\/wp-json\/wp\/v2\/media?parent=20197"}],"wp:term":[{"taxonomy":"category","embeddable":true,"href":"https:\/\/www.ambienteyenergia.gob.ec\/ambiente\/wp-json\/wp\/v2\/categories?post=20197"},{"taxonomy":"post_tag","embeddable":true,"href":"https:\/\/www.ambienteyenergia.gob.ec\/ambiente\/wp-json\/wp\/v2\/tags?post=20197"}],"curies":[{"name":"wp","href":"https:\/\/api.w.org\/{rel}","templated":true}]}}