{"id":20194,"date":"2014-05-20T12:19:55","date_gmt":"2014-05-20T17:19:55","guid":{"rendered":"http:\/\/www.ambiente.gob.ec\/?p=20194"},"modified":"2014-05-20T12:19:55","modified_gmt":"2014-05-20T17:19:55","slug":"mae-participa-en-la-feria-expokids-2014-en-quito","status":"publish","type":"post","link":"https:\/\/www.ambienteyenergia.gob.ec\/ambiente\/mae-participa-en-la-feria-expokids-2014-en-quito\/","title":{"rendered":"MAE participa en la feria ExpoKids 2014 en Quito"},"content":{"rendered":"<p style=\"text-align: justify;\">El Ministerio del Ambiente (MAE) particip\u00f3 en la feria ExpoKids a trav\u00e9s de su programa de Educaci\u00f3n Ambiental, con el apoyo de t\u00e9cnicos del Programa Nacional para la Gesti\u00f3n Integral de Desechos S\u00f3lidos (PNGIDS) y Guardianes del Planeta a trav\u00e9s de diferentes actividades con el prop\u00f3sito de concienciar a los ni\u00f1os sobre diferentes tem\u00e1ticas de cuidado ambiental y gesti\u00f3n de desechos.<\/p>\n<p style=\"text-align: justify;\">En el stand, ubicado en CEMEXPO se socializa a las ni\u00f1as y ni\u00f1os, que acudieron a la feria, sobre temas relacionados a la reducci\u00f3n, reutilizaci\u00f3n y reciclaje de residuos s\u00f3lidos, as\u00ed como tambi\u00e9n de correcto manejo, separaci\u00f3n y disposici\u00f3n de desechos, por medio de varias actividades encaminadas a influenciar sobre el cambio de h\u00e1bitos de consumo.<\/p>\n<p style=\"text-align: justify;\">El atractivo principal de estas jornadas, es la casita del buen vivir, construida 100% con materiales reciclados, que utiliza energ\u00edas alternativas para proporcionar electricidad ha todo el lugar. Las paredes est\u00e1n construidas de tetrapack y vigas de madera reciclada. Adem\u00e1s posee un reservorio de agua lluvia, que por medio de un sistema de filtrado artesanal, provee de agua limpia a toda la casa, la cual se puede utilizar en todos los ambientes necesarios para satisfacer la necesidad familiar.<\/p>\n<p style=\"text-align: justify;\">Esta casa es 100% autosustentable en su funcionalidad favoreciendo al cuidado medio ambiental por medio de la utilizaci\u00f3n de los recursos naturales que benefician a la econom\u00eda familiar en favor del ecosistema.<\/p>\n<p style=\"text-align: justify;\">Durante las jornadas de vista el stand recibi\u00f3 aproximadamente 4000 ni\u00f1as y ni\u00f1os de diferentes escuelas de Quito, as\u00ed como tambi\u00e9n de p\u00fablico en general que acudi\u00f3 a la cita que se llev\u00f3 a cabo desde el 15 al 18 de mayo en CEMEXPO mitad del mundo.<\/p>\n","protected":false},"excerpt":{"rendered":"<p class=\"excerpt\">El Ministerio del Ambiente (MAE) particip\u00f3 en la feria ExpoKids a trav\u00e9s de su programa de Educaci\u00f3n Ambiental, con el apoyo de t\u00e9cnicos del Programa Nacional para la Gesti\u00f3n Integral de Desechos S\u00f3lidos (PNGIDS) y Guardianes del Planeta a trav\u00e9s de diferentes actividades con el prop\u00f3sito de concienciar a los ni\u00f1os sobre diferentes tem\u00e1ticas de cuidado ambiental y gesti\u00f3n de&hellip; <a href=\"https:\/\/www.ambienteyenergia.gob.ec\/ambiente\/mae-participa-en-la-feria-expokids-2014-en-quito\/\">Read more &rarr;<\/a><\/p>\n","protected":false},"author":13,"featured_media":20195,"comment_status":"open","ping_status":"open","sticky":false,"template":"","format":"standard","meta":{"footnotes":""},"categories":[16,4],"tags":[502,503,108,53,472],"class_list":["post-20194","post","type-post","status-publish","format-standard","has-post-thumbnail","hentry","category-comunicamos","category-noticias","tag-feria-expokids","tag-guardianes-del-planeta","tag-lorena-tapia","tag-mae","tag-ministerio-del-ambeinte","xfolkentry"],"_links":{"self":[{"href":"https:\/\/www.ambienteyenergia.gob.ec\/ambiente\/wp-json\/wp\/v2\/posts\/20194","targetHints":{"allow":["GET"]}}],"collection":[{"href":"https:\/\/www.ambienteyenergia.gob.ec\/ambiente\/wp-json\/wp\/v2\/posts"}],"about":[{"href":"https:\/\/www.ambienteyenergia.gob.ec\/ambiente\/wp-json\/wp\/v2\/types\/post"}],"author":[{"embeddable":true,"href":"https:\/\/www.ambienteyenergia.gob.ec\/ambiente\/wp-json\/wp\/v2\/users\/13"}],"replies":[{"embeddable":true,"href":"https:\/\/www.ambienteyenergia.gob.ec\/ambiente\/wp-json\/wp\/v2\/comments?post=20194"}],"version-history":[{"count":0,"href":"https:\/\/www.ambienteyenergia.gob.ec\/ambiente\/wp-json\/wp\/v2\/posts\/20194\/revisions"}],"wp:featuredmedia":[{"embeddable":true,"href":"https:\/\/www.ambienteyenergia.gob.ec\/ambiente\/wp-json\/wp\/v2\/media\/20195"}],"wp:attachment":[{"href":"https:\/\/www.ambienteyenergia.gob.ec\/ambiente\/wp-json\/wp\/v2\/media?parent=20194"}],"wp:term":[{"taxonomy":"category","embeddable":true,"href":"https:\/\/www.ambienteyenergia.gob.ec\/ambiente\/wp-json\/wp\/v2\/categories?post=20194"},{"taxonomy":"post_tag","embeddable":true,"href":"https:\/\/www.ambienteyenergia.gob.ec\/ambiente\/wp-json\/wp\/v2\/tags?post=20194"}],"curies":[{"name":"wp","href":"https:\/\/api.w.org\/{rel}","templated":true}]}}