{"id":20190,"date":"2014-05-20T12:11:24","date_gmt":"2014-05-20T17:11:24","guid":{"rendered":"http:\/\/www.ambiente.gob.ec\/?p=20190"},"modified":"2014-05-20T12:11:24","modified_gmt":"2014-05-20T17:11:24","slug":"mae-y-utpl-monitorean-oso-de-anteojos-en-jipiro-alto-loja","status":"publish","type":"post","link":"https:\/\/www.ambienteyenergia.gob.ec\/ambiente\/mae-y-utpl-monitorean-oso-de-anteojos-en-jipiro-alto-loja\/","title":{"rendered":"MAE y UTPL monitorean oso de anteojos en Jipiro Alto, Loja"},"content":{"rendered":"<p style=\"text-align: justify;\">En los l\u00edmites del Parque Nacional Podocarpus de la ciudad de Loja se ha observado la presencia de un oso de anteojos, raz\u00f3n por la cual el Ministerio del Ambiente (MAE), a trav\u00e9s de la Direcci\u00f3n Provincial Loja, instal\u00f3 una c\u00e1mara trampa en Jipiro Alto, con el objetivo de monitorear permanentemente la presencia y avistamiento del oso de anteojos (Trematus Ornatus), dentro del \u00e1rea del Parque Nacional Podocarpus y su zona de amortiguamiento, en cumplimiento de los compromisos establecidos con la Universidad T\u00e9cnica Particular de Loja.<\/p>\n<p style=\"text-align: justify;\">Con registro de investigaci\u00f3n cient\u00edfica N\u00b0. 008-2013 del 12 de julio de 2013, el MAE extendi\u00f3 el permiso a nombre del Blgo. Rodrigo Cisneros Vidal con el tema Ecolog\u00eda y Gen\u00e9tica de mam\u00edferos andinos en el sur del Ecuador, con la finalidad de estudiar el oso de anteojos en el Parque Nacional Podocarpus y Parque Nacional Yacuri.<\/p>\n<p style=\"text-align: justify;\">En este estudio se contempla adem\u00e1s el aporte de los j\u00f3venes del Servicio Civil Ciudadano en actividades de monitoreo y concienciaci\u00f3n de la comunidad del \u00e1rea involucrada.<\/p>\n<p>&nbsp;<\/p>\n","protected":false},"excerpt":{"rendered":"<p class=\"excerpt\">En los l\u00edmites del Parque Nacional Podocarpus de la ciudad de Loja se ha observado la presencia de un oso de anteojos, raz\u00f3n por la cual el Ministerio del Ambiente (MAE), a trav\u00e9s de la Direcci\u00f3n Provincial Loja, instal\u00f3 una c\u00e1mara trampa en Jipiro Alto, con el objetivo de monitorear permanentemente la presencia y avistamiento del oso de anteojos (Trematus&hellip; <a href=\"https:\/\/www.ambienteyenergia.gob.ec\/ambiente\/mae-y-utpl-monitorean-oso-de-anteojos-en-jipiro-alto-loja\/\">Read more &rarr;<\/a><\/p>\n","protected":false},"author":13,"featured_media":20192,"comment_status":"open","ping_status":"open","sticky":false,"template":"","format":"standard","meta":{"footnotes":""},"categories":[16,4],"tags":[221,108,53,54,189],"class_list":["post-20190","post","type-post","status-publish","format-standard","has-post-thumbnail","hentry","category-comunicamos","category-noticias","tag-loja","tag-lorena-tapia","tag-mae","tag-ministerio-del-ambiente","tag-oso","xfolkentry"],"_links":{"self":[{"href":"https:\/\/www.ambienteyenergia.gob.ec\/ambiente\/wp-json\/wp\/v2\/posts\/20190","targetHints":{"allow":["GET"]}}],"collection":[{"href":"https:\/\/www.ambienteyenergia.gob.ec\/ambiente\/wp-json\/wp\/v2\/posts"}],"about":[{"href":"https:\/\/www.ambienteyenergia.gob.ec\/ambiente\/wp-json\/wp\/v2\/types\/post"}],"author":[{"embeddable":true,"href":"https:\/\/www.ambienteyenergia.gob.ec\/ambiente\/wp-json\/wp\/v2\/users\/13"}],"replies":[{"embeddable":true,"href":"https:\/\/www.ambienteyenergia.gob.ec\/ambiente\/wp-json\/wp\/v2\/comments?post=20190"}],"version-history":[{"count":0,"href":"https:\/\/www.ambienteyenergia.gob.ec\/ambiente\/wp-json\/wp\/v2\/posts\/20190\/revisions"}],"wp:featuredmedia":[{"embeddable":true,"href":"https:\/\/www.ambienteyenergia.gob.ec\/ambiente\/wp-json\/wp\/v2\/media\/20192"}],"wp:attachment":[{"href":"https:\/\/www.ambienteyenergia.gob.ec\/ambiente\/wp-json\/wp\/v2\/media?parent=20190"}],"wp:term":[{"taxonomy":"category","embeddable":true,"href":"https:\/\/www.ambienteyenergia.gob.ec\/ambiente\/wp-json\/wp\/v2\/categories?post=20190"},{"taxonomy":"post_tag","embeddable":true,"href":"https:\/\/www.ambienteyenergia.gob.ec\/ambiente\/wp-json\/wp\/v2\/tags?post=20190"}],"curies":[{"name":"wp","href":"https:\/\/api.w.org\/{rel}","templated":true}]}}