{"id":20182,"date":"2014-05-20T09:01:14","date_gmt":"2014-05-20T14:01:14","guid":{"rendered":"http:\/\/www.ambiente.gob.ec\/?p=20182"},"modified":"2014-06-11T09:16:17","modified_gmt":"2014-06-11T14:16:17","slug":"mae-doblega-esfuerzos-por-estado-de-emergencia-por-encallamiento-del-buque-galapaface-i","status":"publish","type":"post","link":"https:\/\/www.ambienteyenergia.gob.ec\/ambiente\/mae-doblega-esfuerzos-por-estado-de-emergencia-por-encallamiento-del-buque-galapaface-i\/","title":{"rendered":"MAE redobla esfuerzos por estado de emergencia por encallamiento del buque Galapaface I"},"content":{"rendered":"<p style=\"text-align: justify;\">El Ministerio del Ambiente (MAE) a trav\u00e9s de la Agencia de Regulaci\u00f3n y Control de la Bioseguridad y Cuarentena para Gal\u00e1pagos (ABG), trabaja a bordo del buque de carga GALAPAFACE I, el cual encall\u00f3 en la bah\u00eda de Puerto Baquerizo Moreno, el pasado viernes 9 de mayo.<\/p>\n<p>Luego de la activaci\u00f3n del estado de emergencia decretado por el COE provincial se han doblegado esfuerzos y personal para realizar el an\u00e1lisis de la carga org\u00e1nica, alimentos empacados y productos qu\u00edmicos a bordo de la motonave.<\/p>\n<p>Debido a que el agua ingres\u00f3 a una de las bodegas ha sido necesario reclasificar toda la carga y realizar la retenci\u00f3n de los productos de consumo humano en mal estado para garantizar la inocuidad alimentaria de los insumos que ser\u00e1n desembarcados, as\u00ed como la retenci\u00f3n y decomiso de art\u00edculos que pueden causar contaminaci\u00f3n.<\/p>\n<p>Aproximadamente 12 t\u00e9cnicos de la Agencia de Bioseguridad se encuentran realizando operativos diarios. Hasta el momento se ha logrado evacuar varios productos\u00a0 altamente contaminantes como canecas de pintura, aceites de motor, alcohol industrial, bater\u00edas para maquinarias, entre otros; adem\u00e1s de bebidas, aceite de cocina y bebidas alcoh\u00f3licas.<\/p>\n<p>La carga que se encontraba en buen estado fue transferida a la gabarra \u201cEL MORRO\u201d del Consejo de Gobierno de Gal\u00e1pagos, la cual se moviliz\u00f3 hacia Santa Cruz arribando al canal de Itabaca en horas de la madrugada, la embarcaci\u00f3n que conten\u00eda art\u00edculos de primera necesidad, bebidas, entre otros, fue inspeccionada por personal de la ABG y no se report\u00f3 ninguna novedad seg\u00fan el informe presentado por el personal de turno.<\/p>\n<p>Han pasado 10 d\u00edas desde que el Galapaface I se encallo en la rada de Puerto Baquerizo Moreno. Gracias al trabajo en conjunto entre las instituciones que forman el COE provincial, no se ha reportado impactos ambientales que afecten el ecosistema de las islas.<\/p>\n","protected":false},"excerpt":{"rendered":"<p class=\"excerpt\">El Ministerio del Ambiente (MAE) a trav\u00e9s de la Agencia de Regulaci\u00f3n y Control de la Bioseguridad y Cuarentena para Gal\u00e1pagos (ABG), trabaja a bordo del buque de carga GALAPAFACE I, el cual encall\u00f3 en la bah\u00eda de Puerto Baquerizo Moreno, el pasado viernes 9 de mayo. Luego de la activaci\u00f3n del estado de emergencia decretado por el COE provincial&hellip; <a href=\"https:\/\/www.ambienteyenergia.gob.ec\/ambiente\/mae-doblega-esfuerzos-por-estado-de-emergencia-por-encallamiento-del-buque-galapaface-i\/\">Read more &rarr;<\/a><\/p>\n","protected":false},"author":13,"featured_media":20183,"comment_status":"open","ping_status":"open","sticky":false,"template":"","format":"standard","meta":{"footnotes":""},"categories":[16,4],"tags":[],"class_list":["post-20182","post","type-post","status-publish","format-standard","has-post-thumbnail","hentry","category-comunicamos","category-noticias","xfolkentry"],"_links":{"self":[{"href":"https:\/\/www.ambienteyenergia.gob.ec\/ambiente\/wp-json\/wp\/v2\/posts\/20182","targetHints":{"allow":["GET"]}}],"collection":[{"href":"https:\/\/www.ambienteyenergia.gob.ec\/ambiente\/wp-json\/wp\/v2\/posts"}],"about":[{"href":"https:\/\/www.ambienteyenergia.gob.ec\/ambiente\/wp-json\/wp\/v2\/types\/post"}],"author":[{"embeddable":true,"href":"https:\/\/www.ambienteyenergia.gob.ec\/ambiente\/wp-json\/wp\/v2\/users\/13"}],"replies":[{"embeddable":true,"href":"https:\/\/www.ambienteyenergia.gob.ec\/ambiente\/wp-json\/wp\/v2\/comments?post=20182"}],"version-history":[{"count":0,"href":"https:\/\/www.ambienteyenergia.gob.ec\/ambiente\/wp-json\/wp\/v2\/posts\/20182\/revisions"}],"wp:featuredmedia":[{"embeddable":true,"href":"https:\/\/www.ambienteyenergia.gob.ec\/ambiente\/wp-json\/wp\/v2\/media\/20183"}],"wp:attachment":[{"href":"https:\/\/www.ambienteyenergia.gob.ec\/ambiente\/wp-json\/wp\/v2\/media?parent=20182"}],"wp:term":[{"taxonomy":"category","embeddable":true,"href":"https:\/\/www.ambienteyenergia.gob.ec\/ambiente\/wp-json\/wp\/v2\/categories?post=20182"},{"taxonomy":"post_tag","embeddable":true,"href":"https:\/\/www.ambienteyenergia.gob.ec\/ambiente\/wp-json\/wp\/v2\/tags?post=20182"}],"curies":[{"name":"wp","href":"https:\/\/api.w.org\/{rel}","templated":true}]}}