{"id":20179,"date":"2014-05-15T08:19:54","date_gmt":"2014-05-15T13:19:54","guid":{"rendered":"http:\/\/www.ambiente.gob.ec\/?p=20179"},"modified":"2014-05-20T08:29:29","modified_gmt":"2014-05-20T13:29:29","slug":"primera-propuesta-de-certificacion-de-madera-legal-fortalece-manejo-forestal","status":"publish","type":"post","link":"https:\/\/www.ambienteyenergia.gob.ec\/ambiente\/primera-propuesta-de-certificacion-de-madera-legal-fortalece-manejo-forestal\/","title":{"rendered":"Primera propuesta de certificaci\u00f3n de madera legal fortalece manejo forestal"},"content":{"rendered":"<p style=\"text-align: justify;\">Hoy, el Ministerio del Ambiente, a trav\u00e9s de la Subsecretaria de Patrimonio Natural, realiz\u00f3 el cuarto taller sobre certificaci\u00f3n de origen de madera legal con la presencia de representantes de empresas del sector forestal ecuatoriano. La cita tuvo como objetivo consolidar una propuesta sobre certificados forestales relacionados a la legalidad de la madera desde el origen y en el cumplimiento de las regulaciones actuales vigentes.<\/p>\n<p style=\"text-align: justify;\">\n<p style=\"text-align: justify;\">El titular de la Subsecretar\u00eda de Patrimonio, Christian Ter\u00e1n, en nombre de la Ministra del Ambiente, Lorena Tapia, explic\u00f3 que esta iniciativa promueve un control forestal estricto en las tres principales cadenas de valor de la madera que son origen, movilizaci\u00f3n y destino final.<\/p>\n<p style=\"text-align: justify;\">\n<p style=\"text-align: justify;\">De acuerdo a estad\u00edsticas del MAE, alrededor de 8 millones de m\u00b3 de madera se aprovechan en el pa\u00eds. La meta del MAE consiste en contar con el 80%\u00a0 de toda la madera del pa\u00eds legalizada en un plazo de cinco a\u00f1os.<\/p>\n<p style=\"text-align: justify;\">\n<p style=\"text-align: justify;\">El Subsecretario Ter\u00e1n enfatiza sobre la transformaci\u00f3n en el manejo forestal basado en una activa participaci\u00f3n ciudadana. \u00abHoy de manera hist\u00f3rica se impulsa un efectivo control forestal desde el bosque nativo hasta su comercializaci\u00f3n, con el involucramiento de los due\u00f1os del bosque, sector transportista, carpinter\u00edas y aserraderos\u00bb, se\u00f1al\u00f3 Ter\u00e1n.<\/p>\n<p style=\"text-align: justify;\">\n<p style=\"text-align: justify;\">La actual Ley Forestal plantea el cumplimiento de la normativa de aprovechamiento forestal, y regulaciones laborales y sociales. En ese sentido, esta Cartera de Estado ha realizado acercamientos con otras entidades p\u00fablicas como el Servicio de Rentas Internas (SRI); Ministerio de Productividad (MIPRO) y Servicio de Compras P\u00fablicas (SERCOP).<\/p>\n<p style=\"text-align: justify;\">\n<p style=\"text-align: justify;\">En noviembre de este 2014, el MAE tiene previsto participar en el evento \u00abPacto social de la madera legal\u00bb, el cual contar\u00e1 tambi\u00e9n con la participaci\u00f3n de representantes empresariales nacionales y voluntarios del sector ambiental.<\/p>\n","protected":false},"excerpt":{"rendered":"<p class=\"excerpt\">Hoy, el Ministerio del Ambiente, a trav\u00e9s de la Subsecretaria de Patrimonio Natural, realiz\u00f3 el cuarto taller sobre certificaci\u00f3n de origen de madera legal con la presencia de representantes de empresas del sector forestal ecuatoriano. La cita tuvo como objetivo consolidar una propuesta sobre certificados forestales relacionados a la legalidad de la madera desde el origen y en el cumplimiento&hellip; <a href=\"https:\/\/www.ambienteyenergia.gob.ec\/ambiente\/primera-propuesta-de-certificacion-de-madera-legal-fortalece-manejo-forestal\/\">Read more &rarr;<\/a><\/p>\n","protected":false},"author":13,"featured_media":20180,"comment_status":"open","ping_status":"open","sticky":false,"template":"","format":"standard","meta":{"footnotes":""},"categories":[16,4],"tags":[],"class_list":["post-20179","post","type-post","status-publish","format-standard","has-post-thumbnail","hentry","category-comunicamos","category-noticias","xfolkentry"],"_links":{"self":[{"href":"https:\/\/www.ambienteyenergia.gob.ec\/ambiente\/wp-json\/wp\/v2\/posts\/20179","targetHints":{"allow":["GET"]}}],"collection":[{"href":"https:\/\/www.ambienteyenergia.gob.ec\/ambiente\/wp-json\/wp\/v2\/posts"}],"about":[{"href":"https:\/\/www.ambienteyenergia.gob.ec\/ambiente\/wp-json\/wp\/v2\/types\/post"}],"author":[{"embeddable":true,"href":"https:\/\/www.ambienteyenergia.gob.ec\/ambiente\/wp-json\/wp\/v2\/users\/13"}],"replies":[{"embeddable":true,"href":"https:\/\/www.ambienteyenergia.gob.ec\/ambiente\/wp-json\/wp\/v2\/comments?post=20179"}],"version-history":[{"count":0,"href":"https:\/\/www.ambienteyenergia.gob.ec\/ambiente\/wp-json\/wp\/v2\/posts\/20179\/revisions"}],"wp:featuredmedia":[{"embeddable":true,"href":"https:\/\/www.ambienteyenergia.gob.ec\/ambiente\/wp-json\/wp\/v2\/media\/20180"}],"wp:attachment":[{"href":"https:\/\/www.ambienteyenergia.gob.ec\/ambiente\/wp-json\/wp\/v2\/media?parent=20179"}],"wp:term":[{"taxonomy":"category","embeddable":true,"href":"https:\/\/www.ambienteyenergia.gob.ec\/ambiente\/wp-json\/wp\/v2\/categories?post=20179"},{"taxonomy":"post_tag","embeddable":true,"href":"https:\/\/www.ambienteyenergia.gob.ec\/ambiente\/wp-json\/wp\/v2\/tags?post=20179"}],"curies":[{"name":"wp","href":"https:\/\/api.w.org\/{rel}","templated":true}]}}