{"id":20173,"date":"2014-05-19T19:43:52","date_gmt":"2014-05-20T00:43:52","guid":{"rendered":"http:\/\/www.ambiente.gob.ec\/?p=20173"},"modified":"2014-05-19T19:43:52","modified_gmt":"2014-05-20T00:43:52","slug":"mae-imparte-taller-gestion-de-conflictos-socioambientales-a-guardaparques-de-areas-protegidas","status":"publish","type":"post","link":"https:\/\/www.ambienteyenergia.gob.ec\/ambiente\/mae-imparte-taller-gestion-de-conflictos-socioambientales-a-guardaparques-de-areas-protegidas\/","title":{"rendered":"MAE imparte taller &#8216;Gesti\u00f3n de Conflictos Socioambientales&#8217; a guardaparques de \u00e1reas protegidas"},"content":{"rendered":"<p style=\"text-align: justify;\">El Ministerio del Ambiente (MAE), a trav\u00e9s de la Direcci\u00f3n Provincial de Napo y en alianza con la Cooperaci\u00f3n Alemana (GIZ, por sus siglas en alem\u00e1n), imparte el Taller &#8216;Gesti\u00f3n de Conflictos Socioambientales&#8217;, dirigido a guardaparques de la Reserva Biol\u00f3gica Colonso Chalupas, Parque Nacional Llangantes, Parque Nacional Sumaco, Reserva Ecol\u00f3gica Antisana y Parque Nacional Cayambe Coca.<\/p>\n<p style=\"text-align: justify;\">El objetivo del encuentro es fortalecer las capacidades de los guardaparques para que puedan conocer, estructurar y planificar t\u00e9cnicas y procedimientos que les permita mejorar o ampliar sus destrezas para la soluci\u00f3n de conflictos socioambientales, vinculado a las acciones de control y vigilancia del Ministerio de Ambiente.<\/p>\n<p style=\"text-align: justify;\">El evento tendr\u00e1 lugar del 19 al 21 de mayo de 2014, en la ciudad de Tena, en las instalaciones de la Direcci\u00f3n Provincial del Ambiente de Napo. En la jornada de educaci\u00f3n ambiental se tratar\u00e1n, adem\u00e1s del manejo de conflictos, tem\u00e1ticas como normativas forestal, calidad ambiental, \u00e1reas protegidas, vida silvestre y tenencia de tierras.<\/p>\n<p style=\"text-align: justify;\">Este tipo de actividades tienen como prop\u00f3sito poner a disposici\u00f3n de los participantes las herramientas necesarias, que les permita intervenir apropiadamente en sus \u00e1mbitos de relaci\u00f3n laboral, sociocultural y ambiental.<\/p>\n","protected":false},"excerpt":{"rendered":"<p class=\"excerpt\">El Ministerio del Ambiente (MAE), a trav\u00e9s de la Direcci\u00f3n Provincial de Napo y en alianza con la Cooperaci\u00f3n Alemana (GIZ, por sus siglas en alem\u00e1n), imparte el Taller &#8216;Gesti\u00f3n de Conflictos Socioambientales&#8217;, dirigido a guardaparques de la Reserva Biol\u00f3gica Colonso Chalupas, Parque Nacional Llangantes, Parque Nacional Sumaco, Reserva Ecol\u00f3gica Antisana y Parque Nacional Cayambe Coca. El objetivo del encuentro&hellip; <a href=\"https:\/\/www.ambienteyenergia.gob.ec\/ambiente\/mae-imparte-taller-gestion-de-conflictos-socioambientales-a-guardaparques-de-areas-protegidas\/\">Read more &rarr;<\/a><\/p>\n","protected":false},"author":13,"featured_media":20174,"comment_status":"open","ping_status":"open","sticky":false,"template":"","format":"standard","meta":{"footnotes":""},"categories":[16,4],"tags":[147,108,53,70],"class_list":["post-20173","post","type-post","status-publish","format-standard","has-post-thumbnail","hentry","category-comunicamos","category-noticias","tag-areas-protegidas-2","tag-lorena-tapia","tag-mae","tag-napo","xfolkentry"],"_links":{"self":[{"href":"https:\/\/www.ambienteyenergia.gob.ec\/ambiente\/wp-json\/wp\/v2\/posts\/20173","targetHints":{"allow":["GET"]}}],"collection":[{"href":"https:\/\/www.ambienteyenergia.gob.ec\/ambiente\/wp-json\/wp\/v2\/posts"}],"about":[{"href":"https:\/\/www.ambienteyenergia.gob.ec\/ambiente\/wp-json\/wp\/v2\/types\/post"}],"author":[{"embeddable":true,"href":"https:\/\/www.ambienteyenergia.gob.ec\/ambiente\/wp-json\/wp\/v2\/users\/13"}],"replies":[{"embeddable":true,"href":"https:\/\/www.ambienteyenergia.gob.ec\/ambiente\/wp-json\/wp\/v2\/comments?post=20173"}],"version-history":[{"count":0,"href":"https:\/\/www.ambienteyenergia.gob.ec\/ambiente\/wp-json\/wp\/v2\/posts\/20173\/revisions"}],"wp:featuredmedia":[{"embeddable":true,"href":"https:\/\/www.ambienteyenergia.gob.ec\/ambiente\/wp-json\/wp\/v2\/media\/20174"}],"wp:attachment":[{"href":"https:\/\/www.ambienteyenergia.gob.ec\/ambiente\/wp-json\/wp\/v2\/media?parent=20173"}],"wp:term":[{"taxonomy":"category","embeddable":true,"href":"https:\/\/www.ambienteyenergia.gob.ec\/ambiente\/wp-json\/wp\/v2\/categories?post=20173"},{"taxonomy":"post_tag","embeddable":true,"href":"https:\/\/www.ambienteyenergia.gob.ec\/ambiente\/wp-json\/wp\/v2\/tags?post=20173"}],"curies":[{"name":"wp","href":"https:\/\/api.w.org\/{rel}","templated":true}]}}