{"id":20165,"date":"2014-05-19T19:34:29","date_gmt":"2014-05-20T00:34:29","guid":{"rendered":"http:\/\/www.ambiente.gob.ec\/?p=20165"},"modified":"2014-05-19T19:34:29","modified_gmt":"2014-05-20T00:34:29","slug":"mae-y-midena-firman-nota-reversal-sobre-compromiso-para-la-colaboracion-en-temas-de-control-y-regulacion-ambiental","status":"publish","type":"post","link":"https:\/\/www.ambienteyenergia.gob.ec\/ambiente\/mae-y-midena-firman-nota-reversal-sobre-compromiso-para-la-colaboracion-en-temas-de-control-y-regulacion-ambiental\/","title":{"rendered":"MAE y MIDENA firman Nota Reversal sobre compromiso para la colaboraci\u00f3n en temas de control y regulaci\u00f3n ambiental"},"content":{"rendered":"<p style=\"text-align: justify;\">El Ministerio del Ambiente (MAE) y el Ministerio de Defensa Nacional (MIDENA), con el objetivo de acordar los Lineamientos Ambientales que seguir\u00e1n las Fuerzas Armadas (FF.AA.) conforme lo suscrito por sus m\u00e1ximas autoridades y plasmados en la Directiva SUF-001-2011 emitida por el MIDENA firmaron la Nota Reversal, con la finalidad de consolidar las acciones conjuntas en pro de la conservaci\u00f3n de la biodiversidad del Ecuador, mediante el control efectivo estrat\u00e9gico entre las dos instituciones del Estado.<\/p>\n<p style=\"text-align: justify;\">En su intervenci\u00f3n, la Ministra del Ambiente, Lorena Tapia asegur\u00f3 que \u201ceste documento contiene los compromisos conjuntos e individuales sobre los cuales estas dos instituciones trabajan, en favor del medio ambiente, seg\u00fan lo estipulado en la Constituci\u00f3n, Normativa Ambiental y dem\u00e1s planes y programas que el MAE lleva a cabo a nivel nacional, tanto a nivel social como institucional\u201d.<\/p>\n<p style=\"text-align: justify;\">Los acuerdos conjuntos contienen temas de inter\u00e9s nacional sobre la Codificaci\u00f3n a la Ley Forestal y de Conservaci\u00f3n de \u00c1reas Naturales y Vida Silvestre, que establece que la planificaci\u00f3n, manejo, desarrollo, administraci\u00f3n, protecci\u00f3n y control del patrimonio de \u00e1reas naturales del Estado, estar\u00e1 a cargo del MAE, para cuyo fin contar\u00e1 con la intervenci\u00f3n estrat\u00e9gica de las FF.AA.<\/p>\n<p style=\"text-align: justify;\">En este contexto los compromisos establecidos en la nota, por parte de esta Cartera de Estado se relacionan con el asesoramiento t\u00e9cnico en la regularizaci\u00f3n y manejo sustentable ambiental, a m\u00e1s de capacitaci\u00f3n espec\u00edfica en temas ambientales a los miembros de las Fuerzas Armadas, de acuerdo a las necesidades institucionales, adem\u00e1s de la integraci\u00f3n de la tem\u00e1tica ambiental en el pensum de estudios de las escuelas de formaci\u00f3n.<\/p>\n<p style=\"text-align: justify;\">La M\u00e1xima Autoridad Ambiental resalt\u00f3 la suscripci\u00f3n de la Nota Reversal resaltando el apoyo de las FF.AA. para contrarrestar la tala ilegal, destrucci\u00f3n y la comercializaci\u00f3n de nuestro patrimonio forestal, as\u00ed como tambi\u00e9n del trafico y caza ilegal de espec\u00edmenes de vida silvestre.<\/p>\n<p style=\"text-align: justify;\">As\u00ed mismo se prev\u00e9 la conformaci\u00f3n de una Comisi\u00f3n especializada de las Unidades T\u00e9cnicas del MAE, en las \u00e1reas de vida silvestre, \u00e1reas protegidas, patrimonio forestal, comunicaci\u00f3n, calidad ambiental, seguimiento, informaci\u00f3n y educaci\u00f3n ambiental, para articular el trabajo conjunto.<\/p>\n<p style=\"text-align: justify;\">Por otro lado el MIDENA ayudar\u00e1 log\u00edstica, t\u00e9cnica y operativamente en el \u00e1mbito de su competencia para el cumplimiento de esta Nota Reversal a nivel nacional; adem\u00e1s de apoyar en el control nacional de la movilizaci\u00f3n, tr\u00e1fico y comercio il\u00edcito de los recursos naturales (productos forestales y de vida silvestre) previa coordinaci\u00f3n institucional y cumplimiento del respectivo protocolo.<\/p>\n<p style=\"text-align: justify;\">As\u00ed mismo, Mar\u00eda Fernanda Espinosa, Ministra de Defensa Nacional, enfatiz\u00f3 que las dos instituciones involucradas en este acuerdo buscan asegurar el derecho a vivir en un ambiente sano, a trav\u00e9s de acciones que garanticen la soberan\u00eda ecol\u00f3gica de nuestro territorio, por medio de acciones que logren combatir uno de los mayores flagelos a nuestro patrimonio natural.<\/p>\n<p style=\"text-align: justify;\">La coordinaci\u00f3n, seguimiento y la ejecuci\u00f3n de los compromisos se\u00f1alados, estar\u00e1 a cargo de la Subsecretar\u00eda de Patrimonio Natural (Direcciones Nacionales de Biodiversidad y Forestal) del Ministerio del Ambiente y por parte del Ministerio de Defensa Nacional a trav\u00e9s del Comando Conjunto de las Fuerzas Armadas.<\/p>\n<p style=\"text-align: justify;\">Para finalizar, Tapia agradeci\u00f3 la apertura del Ministerio de Defensa Nacional para seguir trabajando en conjunto por un Ecuador m\u00e1s Verde, ya que gracias a estas acciones nuestro pa\u00eds se posiciona como pionero, a nivel internacional, al vincular diferentes sectores de la poblaci\u00f3n, en beneficio de nuestro ecosistema.<\/p>\n","protected":false},"excerpt":{"rendered":"<p class=\"excerpt\">El Ministerio del Ambiente (MAE) y el Ministerio de Defensa Nacional (MIDENA), con el objetivo de acordar los Lineamientos Ambientales que seguir\u00e1n las Fuerzas Armadas (FF.AA.) conforme lo suscrito por sus m\u00e1ximas autoridades y plasmados en la Directiva SUF-001-2011 emitida por el MIDENA firmaron la Nota Reversal, con la finalidad de consolidar las acciones conjuntas en pro de la conservaci\u00f3n&hellip; <a href=\"https:\/\/www.ambienteyenergia.gob.ec\/ambiente\/mae-y-midena-firman-nota-reversal-sobre-compromiso-para-la-colaboracion-en-temas-de-control-y-regulacion-ambiental\/\">Read more &rarr;<\/a><\/p>\n","protected":false},"author":13,"featured_media":20167,"comment_status":"open","ping_status":"open","sticky":false,"template":"","format":"standard","meta":{"footnotes":""},"categories":[16,4],"tags":[108,53,499,501,500,498],"class_list":["post-20165","post","type-post","status-publish","format-standard","has-post-thumbnail","hentry","category-comunicamos","category-noticias","tag-lorena-tapia","tag-mae","tag-maria-fernanda-espinosa","tag-midena","tag-ministerio-de-defensa-del-ecuador","tag-nota-reversal","xfolkentry"],"_links":{"self":[{"href":"https:\/\/www.ambienteyenergia.gob.ec\/ambiente\/wp-json\/wp\/v2\/posts\/20165","targetHints":{"allow":["GET"]}}],"collection":[{"href":"https:\/\/www.ambienteyenergia.gob.ec\/ambiente\/wp-json\/wp\/v2\/posts"}],"about":[{"href":"https:\/\/www.ambienteyenergia.gob.ec\/ambiente\/wp-json\/wp\/v2\/types\/post"}],"author":[{"embeddable":true,"href":"https:\/\/www.ambienteyenergia.gob.ec\/ambiente\/wp-json\/wp\/v2\/users\/13"}],"replies":[{"embeddable":true,"href":"https:\/\/www.ambienteyenergia.gob.ec\/ambiente\/wp-json\/wp\/v2\/comments?post=20165"}],"version-history":[{"count":0,"href":"https:\/\/www.ambienteyenergia.gob.ec\/ambiente\/wp-json\/wp\/v2\/posts\/20165\/revisions"}],"wp:featuredmedia":[{"embeddable":true,"href":"https:\/\/www.ambienteyenergia.gob.ec\/ambiente\/wp-json\/wp\/v2\/media\/20167"}],"wp:attachment":[{"href":"https:\/\/www.ambienteyenergia.gob.ec\/ambiente\/wp-json\/wp\/v2\/media?parent=20165"}],"wp:term":[{"taxonomy":"category","embeddable":true,"href":"https:\/\/www.ambienteyenergia.gob.ec\/ambiente\/wp-json\/wp\/v2\/categories?post=20165"},{"taxonomy":"post_tag","embeddable":true,"href":"https:\/\/www.ambienteyenergia.gob.ec\/ambiente\/wp-json\/wp\/v2\/tags?post=20165"}],"curies":[{"name":"wp","href":"https:\/\/api.w.org\/{rel}","templated":true}]}}