{"id":20162,"date":"2014-05-19T12:37:52","date_gmt":"2014-05-19T17:37:52","guid":{"rendered":"http:\/\/www.ambiente.gob.ec\/?p=20162"},"modified":"2014-05-19T12:37:52","modified_gmt":"2014-05-19T17:37:52","slug":"110-familias-se-benefician-en-la-parroquia-victoria-del-portete-con-el-sistema-de-riego-santo-thomas","status":"publish","type":"post","link":"https:\/\/www.ambienteyenergia.gob.ec\/ambiente\/110-familias-se-benefician-en-la-parroquia-victoria-del-portete-con-el-sistema-de-riego-santo-thomas\/","title":{"rendered":"110 familias se benefician en la parroquia Victoria del Portete con el Sistema de Riego Santo Thom\u00e1s"},"content":{"rendered":"<p style=\"text-align: justify;\">El Ministerio del Ambiente del Ecuador (MAE), a trav\u00e9s del Proyecto de Adaptaci\u00f3n al Cambio Clim\u00e1tico (PACC), procedi\u00f3 a la adquisici\u00f3n de tuber\u00edas, v\u00e1lvulas, codos y de m\u00e1s materiales y accesorios necesarios para la captaci\u00f3n, conducci\u00f3n y distribuci\u00f3n del agua para los beneficiarios del Proyecto de las comunidades de Santo Thom\u00e1s, provincia del Azuay.<\/p>\n<p style=\"text-align: justify;\">\n<p style=\"text-align: justify;\">Esta medida contribuir\u00e1 a la construcci\u00f3n de tres reservorios que forman parte del proyecto para disminuir la vulnerabilidad de esta parroquia ante a los efectos del cambio clim\u00e1tico, beneficiando a 110 familias de las comunidades de Irquis Chico, El Descanso de Sucre y Santo Thom\u00e1s.<\/p>\n<p style=\"text-align: justify;\">\n<p style=\"text-align: justify;\">Funcionarios de esta Cartera de Estado entregaron los materiales y accesorios en la parroquia Victoria del Portete como actividad prevista dentro de la ejecuci\u00f3n del Convenio de Cooperaci\u00f3n suscrito entre el MAE y la Junta Parroquial de Victoria del Portete.<\/p>\n<p style=\"text-align: justify;\">\n<p style=\"text-align: justify;\">Adem\u00e1s, se realiz\u00f3 un recorrido en las zonas de intervenci\u00f3n, en las que se verific\u00f3 el avance de los trabajos relacionados con la construcci\u00f3n de los reservorios y los canales para las tuber\u00edas del sistema de riego.<\/p>\n","protected":false},"excerpt":{"rendered":"<p class=\"excerpt\">El Ministerio del Ambiente del Ecuador (MAE), a trav\u00e9s del Proyecto de Adaptaci\u00f3n al Cambio Clim\u00e1tico (PACC), procedi\u00f3 a la adquisici\u00f3n de tuber\u00edas, v\u00e1lvulas, codos y de m\u00e1s materiales y accesorios necesarios para la captaci\u00f3n, conducci\u00f3n y distribuci\u00f3n del agua para los beneficiarios del Proyecto de las comunidades de Santo Thom\u00e1s, provincia del Azuay. Esta medida contribuir\u00e1 a la construcci\u00f3n&hellip; <a href=\"https:\/\/www.ambienteyenergia.gob.ec\/ambiente\/110-familias-se-benefician-en-la-parroquia-victoria-del-portete-con-el-sistema-de-riego-santo-thomas\/\">Read more &rarr;<\/a><\/p>\n","protected":false},"author":13,"featured_media":20163,"comment_status":"open","ping_status":"open","sticky":false,"template":"","format":"quote","meta":{"footnotes":""},"categories":[16,4],"tags":[],"class_list":["post-20162","post","type-post","status-publish","format-quote","has-post-thumbnail","hentry","category-comunicamos","category-noticias","post_format-post-format-quote","xfolkentry"],"_links":{"self":[{"href":"https:\/\/www.ambienteyenergia.gob.ec\/ambiente\/wp-json\/wp\/v2\/posts\/20162","targetHints":{"allow":["GET"]}}],"collection":[{"href":"https:\/\/www.ambienteyenergia.gob.ec\/ambiente\/wp-json\/wp\/v2\/posts"}],"about":[{"href":"https:\/\/www.ambienteyenergia.gob.ec\/ambiente\/wp-json\/wp\/v2\/types\/post"}],"author":[{"embeddable":true,"href":"https:\/\/www.ambienteyenergia.gob.ec\/ambiente\/wp-json\/wp\/v2\/users\/13"}],"replies":[{"embeddable":true,"href":"https:\/\/www.ambienteyenergia.gob.ec\/ambiente\/wp-json\/wp\/v2\/comments?post=20162"}],"version-history":[{"count":0,"href":"https:\/\/www.ambienteyenergia.gob.ec\/ambiente\/wp-json\/wp\/v2\/posts\/20162\/revisions"}],"wp:featuredmedia":[{"embeddable":true,"href":"https:\/\/www.ambienteyenergia.gob.ec\/ambiente\/wp-json\/wp\/v2\/media\/20163"}],"wp:attachment":[{"href":"https:\/\/www.ambienteyenergia.gob.ec\/ambiente\/wp-json\/wp\/v2\/media?parent=20162"}],"wp:term":[{"taxonomy":"category","embeddable":true,"href":"https:\/\/www.ambienteyenergia.gob.ec\/ambiente\/wp-json\/wp\/v2\/categories?post=20162"},{"taxonomy":"post_tag","embeddable":true,"href":"https:\/\/www.ambienteyenergia.gob.ec\/ambiente\/wp-json\/wp\/v2\/tags?post=20162"}],"curies":[{"name":"wp","href":"https:\/\/api.w.org\/{rel}","templated":true}]}}