{"id":20159,"date":"2014-05-19T12:31:46","date_gmt":"2014-05-19T17:31:46","guid":{"rendered":"http:\/\/www.ambiente.gob.ec\/?p=20159"},"modified":"2014-05-19T19:33:51","modified_gmt":"2014-05-20T00:33:51","slug":"se-entrega-la-primera-fase-de-la-remodelacion-del-refugio-ruales-oleas-berge","status":"publish","type":"post","link":"https:\/\/www.ambienteyenergia.gob.ec\/ambiente\/se-entrega-la-primera-fase-de-la-remodelacion-del-refugio-ruales-oleas-berge\/","title":{"rendered":"Se entrega la primera fase de la Remodelaci\u00f3n del Refugio R\u00faales Oleas Berge"},"content":{"rendered":"<p style=\"text-align: justify;\">El Refugio R\u00faales Oleas Berge, ubicado en el Parque Nacional Cayambe Coca &#8211; inaugurado hace aproximadamente 33 a\u00f1os- se encuentra en un proceso de remodelaci\u00f3n, impulsado por el Ministerio del Ambiente (MAE), a trav\u00e9s del Proyecto de Sostenibilidad Financiera para el Sistema Nacional de \u00c1reas Protegidas (SNAP). La adecuaci\u00f3n de esta infraestructura proporcionar\u00e1 servicios de calidad a los visitantes.<\/p>\n<p style=\"text-align: justify;\">Al momento, se concluy\u00f3 con la primera fase de intervenci\u00f3n, que incluy\u00f3 renovaciones en dormitorios, restaurantes, cocina y tienda Punto Verde. El proyecto de intervenci\u00f3n que optimizar\u00e1 el uso de energ\u00eda y agua, se construy\u00f3 con materiales amigables con el ambiente y de f\u00e1cil mantenimiento, acordes a la pol\u00edtica y lineamientos de manejo del Patrimonio de \u00c1reas Naturales del Estado (PANE).<\/p>\n<p style=\"text-align: justify;\">La segunda fase que inici\u00f3 en mayo de 2014, incluye la remodelaci\u00f3n de la planta baja y la dotaci\u00f3n de energ\u00eda solar.<\/p>\n<p style=\"text-align: justify;\">Esta actividad se desarrolla en coordinaci\u00f3n con el Proyecto de Sostenibilidad Financiera del SNAP, el Programa de Apoyo al SNAP y el Proyecto de Delimitaci\u00f3n e Infraestructura para el PANE, liderados por la Direcci\u00f3n Nacional de Biodiversidad y la Direcci\u00f3n Provincial de Pichincha del MAE.<\/p>\n<p style=\"text-align: justify;\"><strong>Dato importante<\/strong><\/p>\n<p style=\"text-align: justify;\">El Refugio R\u00faales Oleas Berge se ubica en los 4 600 msnm en las estribaciones del Volc\u00e1n Cayambe lado sur occidental, al interior del Parque Nacional Cayambe Coca, en la jurisdicci\u00f3n territorial del cant\u00f3n Cayambe en la provincia de Pichincha.<\/p>\n<p style=\"text-align: justify;\">\n","protected":false},"excerpt":{"rendered":"<p class=\"excerpt\">El Refugio R\u00faales Oleas Berge, ubicado en el Parque Nacional Cayambe Coca &#8211; inaugurado hace aproximadamente 33 a\u00f1os- se encuentra en un proceso de remodelaci\u00f3n, impulsado por el Ministerio del Ambiente (MAE), a trav\u00e9s del Proyecto de Sostenibilidad Financiera para el Sistema Nacional de \u00c1reas Protegidas (SNAP). La adecuaci\u00f3n de esta infraestructura proporcionar\u00e1 servicios de calidad a los visitantes. Al&hellip; <a href=\"https:\/\/www.ambienteyenergia.gob.ec\/ambiente\/se-entrega-la-primera-fase-de-la-remodelacion-del-refugio-ruales-oleas-berge\/\">Read more &rarr;<\/a><\/p>\n","protected":false},"author":13,"featured_media":20160,"comment_status":"open","ping_status":"open","sticky":false,"template":"","format":"standard","meta":{"footnotes":""},"categories":[16,4],"tags":[],"class_list":["post-20159","post","type-post","status-publish","format-standard","has-post-thumbnail","hentry","category-comunicamos","category-noticias","xfolkentry"],"_links":{"self":[{"href":"https:\/\/www.ambienteyenergia.gob.ec\/ambiente\/wp-json\/wp\/v2\/posts\/20159","targetHints":{"allow":["GET"]}}],"collection":[{"href":"https:\/\/www.ambienteyenergia.gob.ec\/ambiente\/wp-json\/wp\/v2\/posts"}],"about":[{"href":"https:\/\/www.ambienteyenergia.gob.ec\/ambiente\/wp-json\/wp\/v2\/types\/post"}],"author":[{"embeddable":true,"href":"https:\/\/www.ambienteyenergia.gob.ec\/ambiente\/wp-json\/wp\/v2\/users\/13"}],"replies":[{"embeddable":true,"href":"https:\/\/www.ambienteyenergia.gob.ec\/ambiente\/wp-json\/wp\/v2\/comments?post=20159"}],"version-history":[{"count":0,"href":"https:\/\/www.ambienteyenergia.gob.ec\/ambiente\/wp-json\/wp\/v2\/posts\/20159\/revisions"}],"wp:featuredmedia":[{"embeddable":true,"href":"https:\/\/www.ambienteyenergia.gob.ec\/ambiente\/wp-json\/wp\/v2\/media\/20160"}],"wp:attachment":[{"href":"https:\/\/www.ambienteyenergia.gob.ec\/ambiente\/wp-json\/wp\/v2\/media?parent=20159"}],"wp:term":[{"taxonomy":"category","embeddable":true,"href":"https:\/\/www.ambienteyenergia.gob.ec\/ambiente\/wp-json\/wp\/v2\/categories?post=20159"},{"taxonomy":"post_tag","embeddable":true,"href":"https:\/\/www.ambienteyenergia.gob.ec\/ambiente\/wp-json\/wp\/v2\/tags?post=20159"}],"curies":[{"name":"wp","href":"https:\/\/api.w.org\/{rel}","templated":true}]}}