{"id":20156,"date":"2014-05-19T12:25:34","date_gmt":"2014-05-19T17:25:34","guid":{"rendered":"http:\/\/www.ambiente.gob.ec\/?p=20156"},"modified":"2014-05-19T12:25:34","modified_gmt":"2014-05-19T17:25:34","slug":"inician-acciones-para-reflotar-galapaface-i","status":"publish","type":"post","link":"https:\/\/www.ambienteyenergia.gob.ec\/ambiente\/inician-acciones-para-reflotar-galapaface-i\/","title":{"rendered":"Inician acciones para reflotar Galapaface I"},"content":{"rendered":"<p style=\"text-align: justify;\"><em>Seg\u00fan informe, no hay afectaci\u00f3n a los lobos marinos en la zona de influencia.<\/em><\/p>\n<p style=\"text-align: justify;\">Una vez suscrito el contrato para el salvataje de la nave Galapaface I entre la Direcci\u00f3n del Parque Nacional Gal\u00e1pagos (DPNG), del Ministerio del Ambiente (MAE) y la empresa especializada en este tipo de rescates, las labores para reflotar la nave iniciaron inmediatamente.<\/p>\n<p style=\"text-align: justify;\">Los expertos de la empresa de salvataje revisaron las anclas que sostienen al barco para valorar su estabilidad; ajustaron las amarras y emplearon el remolcador Antilien para asegurar la inmovilidad.<\/p>\n<p style=\"text-align: justify;\">Al momento, por parte de la empresa contratada est\u00e1n trabajando 15 personas y hoy un grupo similar arribar\u00e1 a San Crist\u00f3bal para sumarse en las labores de reflotamiento de la embarcaci\u00f3n varada. Se espera la llegada de los equipos e instrumentos que ayudar\u00e1n a sacar al Galapaface I de su atasco, en las pr\u00f3ximas horas. Las boyas que permitir\u00e1n el reflotamiento del barco se est\u00e1n construyendo en Guayaquil.<\/p>\n<p style=\"text-align: justify;\">Por su parte, el Ministerio del Ambiente que declar\u00f3 la emergencia ambiental en la zona afectada de la Reserva Marina de Gal\u00e1pagos, a trav\u00e9s de la DPNG, monitorea constantemente el ecosistema marino a fin de detectar posibles impactos producto del varamiento. Ayer se tomaron muestras de aguas en diferentes puntos de la zona primaria de influencia, incluyendo las bodegas de la nave. Estas muestras ser\u00e1n sometidas an\u00e1lisis especializados para determinar si existe presencia de agentes contaminantes en el agua.<\/p>\n<p style=\"text-align: justify;\">\u201cUn grupo de guardaparques, funcionarios de la Agencia de Bioseguridad para Gal\u00e1pagos (ABG) y de la Polic\u00eda Nacional, realizaron un censo parcial de las colonias de lobos presentes en la zona de influencia que incluye Punta Carola, Playa Man y Bah\u00eda Naufragio. Tras esta evaluaci\u00f3n, no se reportaron anomal\u00edas sobre la especie\u201d afirm\u00f3 Arturo Izurieta, Director del Parque Nacional Gal\u00e1pagos.<\/p>\n<p style=\"text-align: justify;\">El Comit\u00e9 de Operaciones de Emergencia (COE) provincial, que se mantiene en sesi\u00f3n permanente en la Secretar\u00eda Nacional de Gesti\u00f3n de Riesgos de San Crist\u00f3bal, est\u00e1 conformado por diferentes instituciones de Gal\u00e1pagos, las que intervienen en la emergencia de acuerdo a sus competencias. En la Subsecretar\u00eda de Puertos y bajo la supervisi\u00f3n de los t\u00e9cnicos, est\u00e1 operando la empresa de salvataje.<\/p>\n<p style=\"text-align: justify;\">La empresa de salvataje analiz\u00f3 las condiciones de seguridad de la nave por lo que se procedi\u00f3 con el desembarque de la carga que a\u00fan se encuentra a bordo del Galapaface I.<\/p>\n","protected":false},"excerpt":{"rendered":"<p class=\"excerpt\">Seg\u00fan informe, no hay afectaci\u00f3n a los lobos marinos en la zona de influencia. Una vez suscrito el contrato para el salvataje de la nave Galapaface I entre la Direcci\u00f3n del Parque Nacional Gal\u00e1pagos (DPNG), del Ministerio del Ambiente (MAE) y la empresa especializada en este tipo de rescates, las labores para reflotar la nave iniciaron inmediatamente. Los expertos de&hellip; <a href=\"https:\/\/www.ambienteyenergia.gob.ec\/ambiente\/inician-acciones-para-reflotar-galapaface-i\/\">Read more &rarr;<\/a><\/p>\n","protected":false},"author":13,"featured_media":20157,"comment_status":"open","ping_status":"open","sticky":false,"template":"","format":"standard","meta":{"footnotes":""},"categories":[16,4],"tags":[394,492,197,108,53],"class_list":["post-20156","post","type-post","status-publish","format-standard","has-post-thumbnail","hentry","category-comunicamos","category-noticias","tag-direccion-del-parque-nacional-galapagos","tag-galapaface","tag-islas-galapagos","tag-lorena-tapia","tag-mae","xfolkentry"],"_links":{"self":[{"href":"https:\/\/www.ambienteyenergia.gob.ec\/ambiente\/wp-json\/wp\/v2\/posts\/20156","targetHints":{"allow":["GET"]}}],"collection":[{"href":"https:\/\/www.ambienteyenergia.gob.ec\/ambiente\/wp-json\/wp\/v2\/posts"}],"about":[{"href":"https:\/\/www.ambienteyenergia.gob.ec\/ambiente\/wp-json\/wp\/v2\/types\/post"}],"author":[{"embeddable":true,"href":"https:\/\/www.ambienteyenergia.gob.ec\/ambiente\/wp-json\/wp\/v2\/users\/13"}],"replies":[{"embeddable":true,"href":"https:\/\/www.ambienteyenergia.gob.ec\/ambiente\/wp-json\/wp\/v2\/comments?post=20156"}],"version-history":[{"count":0,"href":"https:\/\/www.ambienteyenergia.gob.ec\/ambiente\/wp-json\/wp\/v2\/posts\/20156\/revisions"}],"wp:featuredmedia":[{"embeddable":true,"href":"https:\/\/www.ambienteyenergia.gob.ec\/ambiente\/wp-json\/wp\/v2\/media\/20157"}],"wp:attachment":[{"href":"https:\/\/www.ambienteyenergia.gob.ec\/ambiente\/wp-json\/wp\/v2\/media?parent=20156"}],"wp:term":[{"taxonomy":"category","embeddable":true,"href":"https:\/\/www.ambienteyenergia.gob.ec\/ambiente\/wp-json\/wp\/v2\/categories?post=20156"},{"taxonomy":"post_tag","embeddable":true,"href":"https:\/\/www.ambienteyenergia.gob.ec\/ambiente\/wp-json\/wp\/v2\/tags?post=20156"}],"curies":[{"name":"wp","href":"https:\/\/api.w.org\/{rel}","templated":true}]}}