{"id":20153,"date":"2014-05-19T10:32:56","date_gmt":"2014-05-19T15:32:56","guid":{"rendered":"http:\/\/www.ambiente.gob.ec\/?p=20153"},"modified":"2014-05-19T19:37:22","modified_gmt":"2014-05-20T00:37:22","slug":"300-especies-nativas-se-sembraron-en-jornada-de-reforestacion-realizada-en-imbabura","status":"publish","type":"post","link":"https:\/\/www.ambienteyenergia.gob.ec\/ambiente\/300-especies-nativas-se-sembraron-en-jornada-de-reforestacion-realizada-en-imbabura\/","title":{"rendered":"300 especies nativas se sembraron en jornada de reforestaci\u00f3n realizada en Imbabura"},"content":{"rendered":"<p style=\"text-align: justify;\">Alrededor de 300 especies forestales se sembraron como parte de una jornada de reforestaci\u00f3n que se realiz\u00f3 en la quebrada El Artez\u00f3n, en la provincia de Imbabura, el pasado 16 de mayo. La iniciativa impulsada por el Ministerio del Ambiente (MAE), en coordinaci\u00f3n con la Secretar\u00eda Nacional de Planificaci\u00f3n y Desarrollo (SENPLADES), ten\u00eda como objetivo fomentar en la ciudadan\u00eda la importancia de conservar los recursos naturales.<\/p>\n<p style=\"text-align: justify;\">El evento cont\u00f3 con la participaci\u00f3n de j\u00f3venes del Servicio Civil Ciudadano y pobladores del sector, quienes aportaron con su trabajo para la recuperaci\u00f3n de esta zona, actividad que sin duda, contribuir\u00e1 a mantener el \u00e1rea verde del sector. Las plantas nativas utilizadas fueron\u00a0 arrayan y acacia.<\/p>\n<p style=\"text-align: justify;\">Estos programas de reforestaci\u00f3n, que ejecuta el MAE a nivel nacional, constituyen una acci\u00f3n fundamental en las pol\u00edticas ambientales, pues permiten recuperar los ecosistemas vivos y los beneficios que brindan estas \u00e1reas.<\/p>\n<p style=\"text-align: justify;\">Finalmente, la Direcci\u00f3n Provincial del Ambiente de Imbabura agradeci\u00f3 la participaci\u00f3n de todos y asumi\u00f3 el compromiso de conservar y proteger todos los espacios verdes.<\/p>\n","protected":false},"excerpt":{"rendered":"<p class=\"excerpt\">Alrededor de 300 especies forestales se sembraron como parte de una jornada de reforestaci\u00f3n que se realiz\u00f3 en la quebrada El Artez\u00f3n, en la provincia de Imbabura, el pasado 16 de mayo. La iniciativa impulsada por el Ministerio del Ambiente (MAE), en coordinaci\u00f3n con la Secretar\u00eda Nacional de Planificaci\u00f3n y Desarrollo (SENPLADES), ten\u00eda como objetivo fomentar en la ciudadan\u00eda la&hellip; <a href=\"https:\/\/www.ambienteyenergia.gob.ec\/ambiente\/300-especies-nativas-se-sembraron-en-jornada-de-reforestacion-realizada-en-imbabura\/\">Read more &rarr;<\/a><\/p>\n","protected":false},"author":13,"featured_media":20154,"comment_status":"open","ping_status":"open","sticky":false,"template":"","format":"standard","meta":{"footnotes":""},"categories":[16,4],"tags":[],"class_list":["post-20153","post","type-post","status-publish","format-standard","has-post-thumbnail","hentry","category-comunicamos","category-noticias","xfolkentry"],"_links":{"self":[{"href":"https:\/\/www.ambienteyenergia.gob.ec\/ambiente\/wp-json\/wp\/v2\/posts\/20153","targetHints":{"allow":["GET"]}}],"collection":[{"href":"https:\/\/www.ambienteyenergia.gob.ec\/ambiente\/wp-json\/wp\/v2\/posts"}],"about":[{"href":"https:\/\/www.ambienteyenergia.gob.ec\/ambiente\/wp-json\/wp\/v2\/types\/post"}],"author":[{"embeddable":true,"href":"https:\/\/www.ambienteyenergia.gob.ec\/ambiente\/wp-json\/wp\/v2\/users\/13"}],"replies":[{"embeddable":true,"href":"https:\/\/www.ambienteyenergia.gob.ec\/ambiente\/wp-json\/wp\/v2\/comments?post=20153"}],"version-history":[{"count":0,"href":"https:\/\/www.ambienteyenergia.gob.ec\/ambiente\/wp-json\/wp\/v2\/posts\/20153\/revisions"}],"wp:featuredmedia":[{"embeddable":true,"href":"https:\/\/www.ambienteyenergia.gob.ec\/ambiente\/wp-json\/wp\/v2\/media\/20154"}],"wp:attachment":[{"href":"https:\/\/www.ambienteyenergia.gob.ec\/ambiente\/wp-json\/wp\/v2\/media?parent=20153"}],"wp:term":[{"taxonomy":"category","embeddable":true,"href":"https:\/\/www.ambienteyenergia.gob.ec\/ambiente\/wp-json\/wp\/v2\/categories?post=20153"},{"taxonomy":"post_tag","embeddable":true,"href":"https:\/\/www.ambienteyenergia.gob.ec\/ambiente\/wp-json\/wp\/v2\/tags?post=20153"}],"curies":[{"name":"wp","href":"https:\/\/api.w.org\/{rel}","templated":true}]}}