{"id":20150,"date":"2014-05-19T10:16:37","date_gmt":"2014-05-19T15:16:37","guid":{"rendered":"http:\/\/www.ambiente.gob.ec\/?p=20150"},"modified":"2014-05-19T19:40:16","modified_gmt":"2014-05-20T00:40:16","slug":"seis-toneladas-de-pilas-se-recolectaron-en-loja-por-el-dia-mundial-del-reciclaje","status":"publish","type":"post","link":"https:\/\/www.ambienteyenergia.gob.ec\/ambiente\/seis-toneladas-de-pilas-se-recolectaron-en-loja-por-el-dia-mundial-del-reciclaje\/","title":{"rendered":"Seis toneladas de pilas se recolectaron en Loja por el D\u00eda Mundial del Reciclaje"},"content":{"rendered":"<p style=\"text-align: justify;\">El Ministerio del Ambiente (MAE), en conmemoraci\u00f3n al D\u00eda Mundial del Reciclaje, que se celebr\u00f3 el 17 de mayo, organiz\u00f3 varias actividades con la finalidad de concienciar a la ciudadan\u00eda sobre la importancia del consumo responsable y de conservar los recursos naturales.<\/p>\n<p>En ese sentido, el MAE particip\u00f3 en el III Festival de la 4Rs (reciclar, reducir, reutilizar, reparar), que se desarroll\u00f3 en Loja, el pasado jueves 15 de mayo. Al evento asistieron diferentes establecimientos educativos de la provincia, que como parte de un concurso promovido por esta Cartera de Estado, recuperaron alrededor de seis toneladas de pilas, que ser\u00e1n colocadas en obras que realizar\u00e1 el Municipio de Loja.<\/p>\n<p>A las instituciones educativas que m\u00e1s pilas reunieron se les entreg\u00f3 placas de reconocimiento por aportar a la protecci\u00f3n del ambiente. El primer lugar fue para la Escuela 18 de Noviembre y el Liceo Americano; en segundo lugar est\u00e1n la Escuela Municipal Ecol\u00f3gica y\u00a0el Centro Educativo Siglo XXI y el tercer lugar lo obtuvo la Unidad Educativa Fernando Su\u00e1rez.<\/p>\n<p>Asimismo, el viernes 16 de mayo, se efectu\u00f3 el Cine Foro &#8216;Nosotros y la Basura&#8217; en el Teatro Segundo Cueva Celi de la Casa de la Cultura de Loja, donde j\u00f3venes del Servicio Civil Ciudadano (SCC) Ambiental participaron de una casa abierta en la Plaza de San Sebasti\u00e1n.<\/p>\n<p>Finalmente, t\u00e9cnicos del MAE y voluntarios del SCC se unieron, el s\u00e1bado 17 de mayo,\u00a0 para apoyar la campa\u00f1a de limpieza, organizada por el Municipio de Loja.<\/p>\n","protected":false},"excerpt":{"rendered":"<p class=\"excerpt\">El Ministerio del Ambiente (MAE), en conmemoraci\u00f3n al D\u00eda Mundial del Reciclaje, que se celebr\u00f3 el 17 de mayo, organiz\u00f3 varias actividades con la finalidad de concienciar a la ciudadan\u00eda sobre la importancia del consumo responsable y de conservar los recursos naturales. En ese sentido, el MAE particip\u00f3 en el III Festival de la 4Rs (reciclar, reducir, reutilizar, reparar), que&hellip; <a href=\"https:\/\/www.ambienteyenergia.gob.ec\/ambiente\/seis-toneladas-de-pilas-se-recolectaron-en-loja-por-el-dia-mundial-del-reciclaje\/\">Read more &rarr;<\/a><\/p>\n","protected":false},"author":13,"featured_media":20151,"comment_status":"open","ping_status":"open","sticky":false,"template":"","format":"standard","meta":{"footnotes":""},"categories":[16,4],"tags":[],"class_list":["post-20150","post","type-post","status-publish","format-standard","has-post-thumbnail","hentry","category-comunicamos","category-noticias","xfolkentry"],"_links":{"self":[{"href":"https:\/\/www.ambienteyenergia.gob.ec\/ambiente\/wp-json\/wp\/v2\/posts\/20150","targetHints":{"allow":["GET"]}}],"collection":[{"href":"https:\/\/www.ambienteyenergia.gob.ec\/ambiente\/wp-json\/wp\/v2\/posts"}],"about":[{"href":"https:\/\/www.ambienteyenergia.gob.ec\/ambiente\/wp-json\/wp\/v2\/types\/post"}],"author":[{"embeddable":true,"href":"https:\/\/www.ambienteyenergia.gob.ec\/ambiente\/wp-json\/wp\/v2\/users\/13"}],"replies":[{"embeddable":true,"href":"https:\/\/www.ambienteyenergia.gob.ec\/ambiente\/wp-json\/wp\/v2\/comments?post=20150"}],"version-history":[{"count":0,"href":"https:\/\/www.ambienteyenergia.gob.ec\/ambiente\/wp-json\/wp\/v2\/posts\/20150\/revisions"}],"wp:featuredmedia":[{"embeddable":true,"href":"https:\/\/www.ambienteyenergia.gob.ec\/ambiente\/wp-json\/wp\/v2\/media\/20151"}],"wp:attachment":[{"href":"https:\/\/www.ambienteyenergia.gob.ec\/ambiente\/wp-json\/wp\/v2\/media?parent=20150"}],"wp:term":[{"taxonomy":"category","embeddable":true,"href":"https:\/\/www.ambienteyenergia.gob.ec\/ambiente\/wp-json\/wp\/v2\/categories?post=20150"},{"taxonomy":"post_tag","embeddable":true,"href":"https:\/\/www.ambienteyenergia.gob.ec\/ambiente\/wp-json\/wp\/v2\/tags?post=20150"}],"curies":[{"name":"wp","href":"https:\/\/api.w.org\/{rel}","templated":true}]}}