{"id":20144,"date":"2014-05-19T09:11:24","date_gmt":"2014-05-19T14:11:24","guid":{"rendered":"http:\/\/www.ambiente.gob.ec\/?p=20144"},"modified":"2014-05-19T09:11:24","modified_gmt":"2014-05-19T14:11:24","slug":"mae-decomisa-madera-talada-ilegalmente-en-bosque-protector-cuenca-del-rio-pajan","status":"publish","type":"post","link":"https:\/\/www.ambienteyenergia.gob.ec\/ambiente\/mae-decomisa-madera-talada-ilegalmente-en-bosque-protector-cuenca-del-rio-pajan\/","title":{"rendered":"MAE decomisa madera talada ilegalmente en Bosque Protector Cuenca del Rio Paj\u00e1n"},"content":{"rendered":"<p style=\"text-align: justify;\">T\u00e9cnicos de la Unidad Forestal del Ministerio del Ambiente (MAE), a trav\u00e9s de la Direcci\u00f3n Provincial del Ambiente de Manab\u00ed, acompa\u00f1ados de agentes de la Unidad de Protecci\u00f3n del Medio Ambiente (UPMA), incautaron madera de un aprovechamiento ilegal que fue talada dentro del Bosque Protector Cuenca del Rio Paj\u00e1n.<\/p>\n<p style=\"text-align: justify;\">\nEsta labor se realiz\u00f3 luego de una denuncia de los habitantes del recinto Buenos Aires de la parroquia Anegado del cant\u00f3n Jipijapa, quienes hicieron conocer que se estaban talando \u00e1rboles de Amarillo y Laurel.<\/p>\n<p style=\"text-align: justify;\">\nEn el lugar se encontr\u00f3 aproximadamente 3 metros c\u00fabicos de madera, la misma que iba a ser entregada a comerciantes que llegan a comprarla en horas de la noche para evitar el control forestal, aseguraron varios pobladores.<\/p>\n<p style=\"text-align: justify;\">\nLa acci\u00f3n es amparada bajo el Art. 43 de la codificaci\u00f3n de la Ley Forestal y de Conservaci\u00f3n de \u00c1reas Naturales y Vida Silvestre, en la que se se\u00f1ala que esta\u00a0 Cartera de Estado vigilar\u00e1 todas las etapas primarias de producci\u00f3n, tenencia, aprovechamiento y comercializaci\u00f3n de materias primas forestales.<\/p>\n<p style=\"text-align: justify;\">\nDe acuerdo a la resoluci\u00f3n administrativa forestal, la madera podr\u00e1 ser rematada o donada a instituciones de ayuda social. Sin embargo, se notifica al infractor, quien tiene cinco d\u00edas para contestar y probar su justificaci\u00f3n.<\/p>\n","protected":false},"excerpt":{"rendered":"<p class=\"excerpt\">T\u00e9cnicos de la Unidad Forestal del Ministerio del Ambiente (MAE), a trav\u00e9s de la Direcci\u00f3n Provincial del Ambiente de Manab\u00ed, acompa\u00f1ados de agentes de la Unidad de Protecci\u00f3n del Medio Ambiente (UPMA), incautaron madera de un aprovechamiento ilegal que fue talada dentro del Bosque Protector Cuenca del Rio Paj\u00e1n. Esta labor se realiz\u00f3 luego de una denuncia de los habitantes&hellip; <a href=\"https:\/\/www.ambienteyenergia.gob.ec\/ambiente\/mae-decomisa-madera-talada-ilegalmente-en-bosque-protector-cuenca-del-rio-pajan\/\">Read more &rarr;<\/a><\/p>\n","protected":false},"author":13,"featured_media":20145,"comment_status":"open","ping_status":"open","sticky":false,"template":"","format":"standard","meta":{"footnotes":""},"categories":[16,4],"tags":[],"class_list":["post-20144","post","type-post","status-publish","format-standard","has-post-thumbnail","hentry","category-comunicamos","category-noticias","xfolkentry"],"_links":{"self":[{"href":"https:\/\/www.ambienteyenergia.gob.ec\/ambiente\/wp-json\/wp\/v2\/posts\/20144","targetHints":{"allow":["GET"]}}],"collection":[{"href":"https:\/\/www.ambienteyenergia.gob.ec\/ambiente\/wp-json\/wp\/v2\/posts"}],"about":[{"href":"https:\/\/www.ambienteyenergia.gob.ec\/ambiente\/wp-json\/wp\/v2\/types\/post"}],"author":[{"embeddable":true,"href":"https:\/\/www.ambienteyenergia.gob.ec\/ambiente\/wp-json\/wp\/v2\/users\/13"}],"replies":[{"embeddable":true,"href":"https:\/\/www.ambienteyenergia.gob.ec\/ambiente\/wp-json\/wp\/v2\/comments?post=20144"}],"version-history":[{"count":0,"href":"https:\/\/www.ambienteyenergia.gob.ec\/ambiente\/wp-json\/wp\/v2\/posts\/20144\/revisions"}],"wp:featuredmedia":[{"embeddable":true,"href":"https:\/\/www.ambienteyenergia.gob.ec\/ambiente\/wp-json\/wp\/v2\/media\/20145"}],"wp:attachment":[{"href":"https:\/\/www.ambienteyenergia.gob.ec\/ambiente\/wp-json\/wp\/v2\/media?parent=20144"}],"wp:term":[{"taxonomy":"category","embeddable":true,"href":"https:\/\/www.ambienteyenergia.gob.ec\/ambiente\/wp-json\/wp\/v2\/categories?post=20144"},{"taxonomy":"post_tag","embeddable":true,"href":"https:\/\/www.ambienteyenergia.gob.ec\/ambiente\/wp-json\/wp\/v2\/tags?post=20144"}],"curies":[{"name":"wp","href":"https:\/\/api.w.org\/{rel}","templated":true}]}}