{"id":20140,"date":"2014-05-18T23:15:23","date_gmt":"2014-05-19T04:15:23","guid":{"rendered":"http:\/\/www.ambiente.gob.ec\/?p=20140"},"modified":"2014-05-18T23:15:23","modified_gmt":"2014-05-19T04:15:23","slug":"dpng-cierra-temporalmente-los-sitios-de-visita-punta-carola-y-cerro-tijeretas","status":"publish","type":"post","link":"https:\/\/www.ambienteyenergia.gob.ec\/ambiente\/dpng-cierra-temporalmente-los-sitios-de-visita-punta-carola-y-cerro-tijeretas\/","title":{"rendered":"DPNG cierra temporalmente los sitios de visita Punta Carola y Cerro Tijeretas"},"content":{"rendered":"<p style=\"text-align: justify;\"><em>Estos sitios de visita forman parte del \u00e1rea afectada por el encallamiento del buque de carga Galapaface I.<\/em><\/p>\n<p style=\"text-align: justify;\">Como medida preventiva, la Direcci\u00f3n del Parque Nacional Gal\u00e1pagos, del Ministerio del Ambiente, administrador del \u00e1rea protegida, decidi\u00f3 cerrar temporalmente los sitios de visita Punta Carola y Cerro Tijeras, considerados como de influencia por el encallamiento del buque de carga Galapaface I, accidentado el 9 de mayo.<\/p>\n<p style=\"text-align: justify;\">Punta Carola y Cerro Tijeretas est\u00e1n ubicados cerca a Puerto Baquerizo Moreno, isla San Crist\u00f3bal y son sitios de alta visitaci\u00f3n por los turistas y la comunidad local. A unos 150 metros de la playa de Punta Carola est\u00e1 varado el Galapaface I.<\/p>\n<p style=\"text-align: justify;\">La medida tomada por las autoridades ambientales busca prevenir cualquier tipo de riesgo sobre la seguridad humana, dado que la zona est\u00e1 intervenida para las labores de salvataje de la embarcaci\u00f3n varada. El plan de acci\u00f3n emergente ambiental incluye a estos dos sitios dentro del \u00e1rea de influencia.<\/p>\n<p style=\"text-align: justify;\">El cierre se mantendr\u00e1 hasta que la emergencia decretada por el Ministerio del Ambiente haya sido superada.<\/p>\n","protected":false},"excerpt":{"rendered":"<p class=\"excerpt\">Estos sitios de visita forman parte del \u00e1rea afectada por el encallamiento del buque de carga Galapaface I. Como medida preventiva, la Direcci\u00f3n del Parque Nacional Gal\u00e1pagos, del Ministerio del Ambiente, administrador del \u00e1rea protegida, decidi\u00f3 cerrar temporalmente los sitios de visita Punta Carola y Cerro Tijeras, considerados como de influencia por el encallamiento del buque de carga Galapaface I,&hellip; <a href=\"https:\/\/www.ambienteyenergia.gob.ec\/ambiente\/dpng-cierra-temporalmente-los-sitios-de-visita-punta-carola-y-cerro-tijeretas\/\">Read more &rarr;<\/a><\/p>\n","protected":false},"author":13,"featured_media":20048,"comment_status":"open","ping_status":"open","sticky":false,"template":"","format":"standard","meta":{"footnotes":""},"categories":[16,4],"tags":[394,492,197,108,53],"class_list":["post-20140","post","type-post","status-publish","format-standard","has-post-thumbnail","hentry","category-comunicamos","category-noticias","tag-direccion-del-parque-nacional-galapagos","tag-galapaface","tag-islas-galapagos","tag-lorena-tapia","tag-mae","xfolkentry"],"_links":{"self":[{"href":"https:\/\/www.ambienteyenergia.gob.ec\/ambiente\/wp-json\/wp\/v2\/posts\/20140","targetHints":{"allow":["GET"]}}],"collection":[{"href":"https:\/\/www.ambienteyenergia.gob.ec\/ambiente\/wp-json\/wp\/v2\/posts"}],"about":[{"href":"https:\/\/www.ambienteyenergia.gob.ec\/ambiente\/wp-json\/wp\/v2\/types\/post"}],"author":[{"embeddable":true,"href":"https:\/\/www.ambienteyenergia.gob.ec\/ambiente\/wp-json\/wp\/v2\/users\/13"}],"replies":[{"embeddable":true,"href":"https:\/\/www.ambienteyenergia.gob.ec\/ambiente\/wp-json\/wp\/v2\/comments?post=20140"}],"version-history":[{"count":0,"href":"https:\/\/www.ambienteyenergia.gob.ec\/ambiente\/wp-json\/wp\/v2\/posts\/20140\/revisions"}],"wp:featuredmedia":[{"embeddable":true,"href":"https:\/\/www.ambienteyenergia.gob.ec\/ambiente\/wp-json\/wp\/v2\/media\/20048"}],"wp:attachment":[{"href":"https:\/\/www.ambienteyenergia.gob.ec\/ambiente\/wp-json\/wp\/v2\/media?parent=20140"}],"wp:term":[{"taxonomy":"category","embeddable":true,"href":"https:\/\/www.ambienteyenergia.gob.ec\/ambiente\/wp-json\/wp\/v2\/categories?post=20140"},{"taxonomy":"post_tag","embeddable":true,"href":"https:\/\/www.ambienteyenergia.gob.ec\/ambiente\/wp-json\/wp\/v2\/tags?post=20140"}],"curies":[{"name":"wp","href":"https:\/\/api.w.org\/{rel}","templated":true}]}}