{"id":20134,"date":"2014-05-17T11:10:41","date_gmt":"2014-05-17T16:10:41","guid":{"rendered":"http:\/\/www.ambiente.gob.ec\/?p=20134"},"modified":"2014-05-17T11:25:26","modified_gmt":"2014-05-17T16:25:26","slug":"mae-fomenta-buenas-practicas-ambientales-de-residuos","status":"publish","type":"post","link":"https:\/\/www.ambienteyenergia.gob.ec\/ambiente\/mae-fomenta-buenas-practicas-ambientales-de-residuos\/","title":{"rendered":"MAE fomenta buenas pr\u00e1cticas ambientales de residuos"},"content":{"rendered":"<p style=\"text-align: justify;\">El Ministerio del Ambiente (MAE), en conmemoraci\u00f3n por el D\u00eda Mundial del Reciclaje, realiza diferentes actividades con el objetivo es sensibilizar a los ecuatorianos sobre el reciclaje, el consumo responsable de recursos, las buenas pr\u00e1cticas ambientales y la correcta disposici\u00f3n de los desechos.<\/p>\n<p>La Ministra del Ambiente, Lorena Tapia, en este sentido asegura que: \u201cEl reciclaje, como estrategia, permite recuperar el material susceptible a ser reincorporado al ciclo productivo y econ\u00f3mico, a trav\u00e9s de sistemas integrados por centros de acopio, recicladores, peque\u00f1as, medianas y grandes empresas de reciclaje; con la finalidad de reducir los impactos negativos a causa de la mala disposici\u00f3n de los residuos\u201d.<\/p>\n<p>El MAE realiza grandes esfuerzos para potenciar y fortalecer los procesos de reciclaje, con el fin de minimizar el impacto ambiental ocasionado por la gesti\u00f3n de residuos y as\u00ed, recuperar material que es dif\u00edcil reincorporar al ciclo econ\u00f3mico.<\/p>\n<p>La Autoridad Ambiental seguir\u00e1 invirtiendo en la gesti\u00f3n integral de desechos s\u00f3lidos con el apoyo de los municipios, para mejorar los \u00edndices de recolecci\u00f3n y fomentar la industria del reciclaje.<\/p>\n<p>En ese sentido, la Ministra Tapia, se\u00f1al\u00f3 que \u201ca trav\u00e9s del programa de desechos s\u00f3lidos y especiales, se trabaja en forma conjunta con municipios de todo el pa\u00eds para implementar modelos de gesti\u00f3n integral de residuos s\u00f3lidos que agreguen valor a los desechos; de manera que se incluya el componente social y formalmente a un grupo vulnerable como son los recicladores, quienes son mujeres, en su mayor\u00eda, a quienes daremos todo nuestro apoyo\u201d.<\/p>\n<p><strong>Acciones del Ministerio<\/strong><br \/>\nEl Programa Nacional de Gesti\u00f3n Integral de Desechos S\u00f3lidos (PNGIDS) ha desarrollado diferentes estrategias para el manejo de residuos especiales, con el fin de priorizar la reducci\u00f3n en el volumen de desechos generados, y los efectos adversos al medio ambiente.<\/p>\n<p>Esta Cartera de Estado emiti\u00f3, en el a\u00f1o 2012 el Acuerdo Ministerial 161, sobre el Principio de Responsabilidad Extendida establece los lineamientos de responsabilidad, tanto para el fabricante como al importador, a trav\u00e9s de todo su ciclo de vida de los productos, incluyendo su disposici\u00f3n final de varios productos:<\/p>\n<p>Celulares:<br \/>\nAcuerdo Ministerial N\u00b0 191: Instructivo de gesti\u00f3n integral de celulares, plantea una meta de recolecci\u00f3n de celulares en desuso del 3%. Adem\u00e1s de establecer los mecanismos de control respectivos para importadores y gestores de celulares en desuso.<\/p>\n<p>Pl\u00e1sticos de Uso Agr\u00edcola:<br \/>\nAcuerdo Ministerial N\u00b0 021: Establece el instructivo de la gesti\u00f3n de desechos pl\u00e1sticos de uso agr\u00edcola. Con una meta de recolecci\u00f3n y gesti\u00f3n del 20% para el 2014.<\/p>\n<p>Neum\u00e1ticos:<br \/>\nAcuerdo Ministerial N\u00b0 020: Implanta el manual sobre la gesti\u00f3n de neum\u00e1ticos usados. Para el 2014 se establece una meta de recolecci\u00f3n del 20%.<br \/>\nEn el a\u00f1o 2013 el MAE emite una pr\u00f3rroga de 90 d\u00edas con el fin de que las empresas importadoras de neum\u00e1ticos puedan organizarse y presentar planes de gesti\u00f3n de los neum\u00e1ticos fuera de uso (NFU) solicitados en este Acuerdo.<\/p>\n<p>Uso de Pilas:<br \/>\nAcuerdo Ministerial N\u00b0 022: Establece una meta de recolecci\u00f3n para este a\u00f1o en un 5%, adem\u00e1s de incorporar los lineamientos de manejo y uso.<\/p>\n<p>Desde enero de 2014, la Autoridad Ambiental Nacional ha realizado m\u00e1s de 90 mesas de trabajo junto con empresas privadas (gestores ambientales industrias importadores y productoras) con el fin de socializar los Acuerdos Ministeriales y promover los contactos entre las diferentes instituciones y crear un mercado del material reciclado. Adem\u00e1s ha impulsado a la creaci\u00f3n de gestores ambientales que respondan a la demanda relacionada con las metas de reciclaje de los Acuerdos Ministeriales.<\/p>\n<p>Hasta la fecha, se han creado alrededor de 34 empresas gestoras de desechos especiales. Entre ellas, las m\u00e1s grandes: RUBBERACTION, GREENWALKS, VERTMONDE, RECYNTER, GADERE, RIMESA, COMEXPORT, entre otras.<\/p>\n<p>En el sector agr\u00edcola, se ha logrado generar buenas relaciones con dos asociaciones (INNOVAGRO y APCSA), mismas que agrupan a m\u00e1s de 35 empresas multinacionales que cumplir\u00e1n con el 20% de \u00a0manejo y reciclaje de envases pl\u00e1stico con triple lavado.<\/p>\n<p><strong>Las metas cuantificadas proyectadas para el 2014 son las siguientes:<\/strong><\/p>\n<p>Neum\u00e1ticos Fuera de Uso: 720.000 unidades<br \/>\nEnvases pl\u00e1sticos triple lavado: 1.307 toneladas<br \/>\nPilas: 34 toneladas aprovechadas en Canad\u00e1 y Europa.<br \/>\nCelulares: 200.000 celulares exportados para su aprovechamiento.<br \/>\nActualmente, ya se producen mensualmente un total de 20 toneladas de caucho como materia prima para uso en \u00a0canchas sint\u00e9ticas, adoquines, entre otros.<br \/>\nLa capacidad actual de los gestores ambientales es de alrededor de 21.000 toneladas de desechos especiales.<br \/>\nLos celulares que han sido reciclados desde julio 2013 hasta abril 2014 son m\u00e1s de 430.000 unidades.<\/p>\n","protected":false},"excerpt":{"rendered":"<p class=\"excerpt\">El Ministerio del Ambiente (MAE), en conmemoraci\u00f3n por el D\u00eda Mundial del Reciclaje, realiza diferentes actividades con el objetivo es sensibilizar a los ecuatorianos sobre el reciclaje, el consumo responsable de recursos, las buenas pr\u00e1cticas ambientales y la correcta disposici\u00f3n de los desechos. La Ministra del Ambiente, Lorena Tapia, en este sentido asegura que: \u201cEl reciclaje, como estrategia, permite recuperar&hellip; <a href=\"https:\/\/www.ambienteyenergia.gob.ec\/ambiente\/mae-fomenta-buenas-practicas-ambientales-de-residuos\/\">Read more &rarr;<\/a><\/p>\n","protected":false},"author":13,"featured_media":20135,"comment_status":"open","ping_status":"open","sticky":false,"template":"","format":"standard","meta":{"footnotes":""},"categories":[16,4],"tags":[],"class_list":["post-20134","post","type-post","status-publish","format-standard","has-post-thumbnail","hentry","category-comunicamos","category-noticias","xfolkentry"],"_links":{"self":[{"href":"https:\/\/www.ambienteyenergia.gob.ec\/ambiente\/wp-json\/wp\/v2\/posts\/20134","targetHints":{"allow":["GET"]}}],"collection":[{"href":"https:\/\/www.ambienteyenergia.gob.ec\/ambiente\/wp-json\/wp\/v2\/posts"}],"about":[{"href":"https:\/\/www.ambienteyenergia.gob.ec\/ambiente\/wp-json\/wp\/v2\/types\/post"}],"author":[{"embeddable":true,"href":"https:\/\/www.ambienteyenergia.gob.ec\/ambiente\/wp-json\/wp\/v2\/users\/13"}],"replies":[{"embeddable":true,"href":"https:\/\/www.ambienteyenergia.gob.ec\/ambiente\/wp-json\/wp\/v2\/comments?post=20134"}],"version-history":[{"count":0,"href":"https:\/\/www.ambienteyenergia.gob.ec\/ambiente\/wp-json\/wp\/v2\/posts\/20134\/revisions"}],"wp:featuredmedia":[{"embeddable":true,"href":"https:\/\/www.ambienteyenergia.gob.ec\/ambiente\/wp-json\/wp\/v2\/media\/20135"}],"wp:attachment":[{"href":"https:\/\/www.ambienteyenergia.gob.ec\/ambiente\/wp-json\/wp\/v2\/media?parent=20134"}],"wp:term":[{"taxonomy":"category","embeddable":true,"href":"https:\/\/www.ambienteyenergia.gob.ec\/ambiente\/wp-json\/wp\/v2\/categories?post=20134"},{"taxonomy":"post_tag","embeddable":true,"href":"https:\/\/www.ambienteyenergia.gob.ec\/ambiente\/wp-json\/wp\/v2\/tags?post=20134"}],"curies":[{"name":"wp","href":"https:\/\/api.w.org\/{rel}","templated":true}]}}