{"id":20127,"date":"2014-05-16T22:08:49","date_gmt":"2014-05-17T03:08:49","guid":{"rendered":"http:\/\/www.ambiente.gob.ec\/?p=20127"},"modified":"2014-05-18T23:20:55","modified_gmt":"2014-05-19T04:20:55","slug":"ministra-tapia-promueve-politica-publica-a-favor-del-reciclaje","status":"publish","type":"post","link":"https:\/\/www.ambienteyenergia.gob.ec\/ambiente\/ministra-tapia-promueve-politica-publica-a-favor-del-reciclaje\/","title":{"rendered":"Ministra Tapia promueve pol\u00edtica p\u00fablica a favor del reciclaje"},"content":{"rendered":"<p style=\"text-align: justify;\">El Programa Nacional para la Gesti\u00f3n Integral de Desechos S\u00f3lidos (PNGIDS)\u00a0bajo la direcci\u00f3n de la Ministra del Ambiente, Lorena Tapia, impulsa la\u00a0creaci\u00f3n de empresas dedicadas al aprovechamiento de los residuos s\u00f3lidos,\u00a0mediante la formulaci\u00f3n de pol\u00edticas p\u00fablicas que promuevan el reciclaje en\u00a0los 221 GADs Municipales del pa\u00eds.<\/p>\n<p style=\"text-align: justify;\">Empresas pioneras en este tema han compartido sus experiencias con esta\u00a0Cartera de Estado para contribuir a la formulaci\u00f3n de pol\u00edticas p\u00fablicas,\u00a0que ser\u00e1n incluidas en el Plan Nacional de Gesti\u00f3n de Residuos Solido, en\u00a0el capitulo referente al tema.<\/p>\n<p style=\"text-align: justify;\">La ministra Lorena Tapia, hoy visit\u00f3 a Surpapelcorp S.A., e Intercia para\u00a0conocer la gesti\u00f3n en pro de la recuperaci\u00f3n de materia prima para la\u00a0elaboraci\u00f3n de productos finales que tiene el valor agregado de ser\u00a0fabricados con material reciclado y as\u00ed cerrar el ciclo.<\/p>\n<p style=\"text-align: justify;\">En horas de la ma\u00f1ana, la delegaci\u00f3n del MAE visit\u00f3 Surpapel S.A., empresa\u00a0que inicia sus actividades en el 2012 y en la actualidad alcanza una\u00a0producci\u00f3n de bobinas de papel, con una capacidad de 9000 toneladas\u00a0mensuales, utilizadas para elaborar productos derivados de este\u00a0material. Esta empresa es la segunda recicladora de papel y cart\u00f3n, m\u00e1s\u00a0grande del Ecuador. Su presidente, Pedro Huerta, mencion\u00f3 que \u00abes una\u00a0empresa que cree en el potencial del Ecuador y su gente, apoya a programas\u00a0que promueven la disminuci\u00f3n de importaciones y el crecimiento de las\u00a0exportaciones del pa\u00eds, enmarcados en el desarrollo sustentable y la\u00a0eficiencia energ\u00e9tica\u00bb. La materia prima es recolectada tambi\u00e9n en la\u00a0ciudad (Duran) q genera 5.650 puestos de trabajo indirecto para los\u00a0recicladores.<\/p>\n<p style=\"text-align: justify;\">Por la tarde se visitaron las instalaciones de Intercia, empresa que se\u00a0dedica a la recolecci\u00f3n de todo tipo de materiales reciclables inorg\u00e1nicos,\u00a0con el fin de abastecer de materias primas de calidad a la industria\u00a0nacional e internacional, en la actualidad llegan a un procesamiento de\u00a01250 toneladas al mes. Las caracter\u00edsticas de los productos PET generados\u00a0por Intercia la facultan para poder elaborar nuevas botellas pl\u00e1sticas.<\/p>\n<p style=\"text-align: justify;\">Estas visitas se enmarcan en el D\u00eda del Reciclaje que sea celebra este 17\u00a0de mayo.\u00a0\u00abLas iniciativas de estas dos empresas contribuyen al cambio de la matriz\u00a0productiva que propone el Gobierno Nacional. Al recuperar el material\u00a0reciclado y mediante procesos tecnificados, transformar esta materia en\u00a0otro con un valor agregado. As\u00ed se reduce el impacto ambiental generado por\u00a0la mala disposici\u00f3n de los residuos s\u00f3lidos y el aprovechamiento total de\u00a0los recursos naturales\u00bb, asegur\u00f3 la M\u00e1xima Autoridad Ambiental, durante su\u00a0visita.<\/p>\n","protected":false},"excerpt":{"rendered":"<p class=\"excerpt\">El Programa Nacional para la Gesti\u00f3n Integral de Desechos S\u00f3lidos (PNGIDS)\u00a0bajo la direcci\u00f3n de la Ministra del Ambiente, Lorena Tapia, impulsa la\u00a0creaci\u00f3n de empresas dedicadas al aprovechamiento de los residuos s\u00f3lidos,\u00a0mediante la formulaci\u00f3n de pol\u00edticas p\u00fablicas que promuevan el reciclaje en\u00a0los 221 GADs Municipales del pa\u00eds. Empresas pioneras en este tema han compartido sus experiencias con esta\u00a0Cartera de Estado para&hellip; <a href=\"https:\/\/www.ambienteyenergia.gob.ec\/ambiente\/ministra-tapia-promueve-politica-publica-a-favor-del-reciclaje\/\">Read more &rarr;<\/a><\/p>\n","protected":false},"author":13,"featured_media":20129,"comment_status":"open","ping_status":"open","sticky":false,"template":"","format":"standard","meta":{"footnotes":""},"categories":[16,4],"tags":[92,108,53,236],"class_list":["post-20127","post","type-post","status-publish","format-standard","has-post-thumbnail","hentry","category-comunicamos","category-noticias","tag-desechos-solidos","tag-lorena-tapia","tag-mae","tag-reciclaje","xfolkentry"],"_links":{"self":[{"href":"https:\/\/www.ambienteyenergia.gob.ec\/ambiente\/wp-json\/wp\/v2\/posts\/20127","targetHints":{"allow":["GET"]}}],"collection":[{"href":"https:\/\/www.ambienteyenergia.gob.ec\/ambiente\/wp-json\/wp\/v2\/posts"}],"about":[{"href":"https:\/\/www.ambienteyenergia.gob.ec\/ambiente\/wp-json\/wp\/v2\/types\/post"}],"author":[{"embeddable":true,"href":"https:\/\/www.ambienteyenergia.gob.ec\/ambiente\/wp-json\/wp\/v2\/users\/13"}],"replies":[{"embeddable":true,"href":"https:\/\/www.ambienteyenergia.gob.ec\/ambiente\/wp-json\/wp\/v2\/comments?post=20127"}],"version-history":[{"count":0,"href":"https:\/\/www.ambienteyenergia.gob.ec\/ambiente\/wp-json\/wp\/v2\/posts\/20127\/revisions"}],"wp:featuredmedia":[{"embeddable":true,"href":"https:\/\/www.ambienteyenergia.gob.ec\/ambiente\/wp-json\/wp\/v2\/media\/20129"}],"wp:attachment":[{"href":"https:\/\/www.ambienteyenergia.gob.ec\/ambiente\/wp-json\/wp\/v2\/media?parent=20127"}],"wp:term":[{"taxonomy":"category","embeddable":true,"href":"https:\/\/www.ambienteyenergia.gob.ec\/ambiente\/wp-json\/wp\/v2\/categories?post=20127"},{"taxonomy":"post_tag","embeddable":true,"href":"https:\/\/www.ambienteyenergia.gob.ec\/ambiente\/wp-json\/wp\/v2\/tags?post=20127"}],"curies":[{"name":"wp","href":"https:\/\/api.w.org\/{rel}","templated":true}]}}