{"id":20121,"date":"2014-05-12T08:16:27","date_gmt":"2014-05-12T13:16:27","guid":{"rendered":"http:\/\/www.ambiente.gob.ec\/?p=20121"},"modified":"2014-05-16T16:49:59","modified_gmt":"2014-05-16T21:49:59","slug":"mae-analiza-con-empresas-privadas-la-importancia-de-una-correcta-remediacion-de-pasivos-ambientales-del-sector-hidrocarburifero","status":"publish","type":"post","link":"https:\/\/www.ambienteyenergia.gob.ec\/ambiente\/mae-analiza-con-empresas-privadas-la-importancia-de-una-correcta-remediacion-de-pasivos-ambientales-del-sector-hidrocarburifero\/","title":{"rendered":"MAE analiza con empresas privadas la importancia de una correcta remediaci\u00f3n de pasivos ambientales del sector hidrocarbur\u00edfero"},"content":{"rendered":"<p style=\"text-align: justify;\">Con el objetivo de conocer varias t\u00e9cnicas de manejo de pasivos ambientales generados por actividades hidrocarbur\u00edferas, un equipo del Programa de Reparaci\u00f3n Ambiental y Social (PRAS) del Ministerio del Ambiente (MAE) particip\u00f3 en el\u00a0 taller sobre \u201cPasivos Ambientales en el Sector Petrolero\u201d.<\/p>\n<p style=\"text-align: justify;\">\nLas jornadas de capacitaci\u00f3n, desarrolladas entre el\u00a0 5 y el 7 de mayo, fueron organizadas por el laboratorio ambiental \u201cGruntec Enviromental Services\u201d con el fin de presentar procedimientos y tecnolog\u00edas de tratamiento de suelos contaminados con metales pesados y crudo.<\/p>\n<p style=\"text-align: justify;\">\nDurante el encuentro, t\u00e9cnicos del MAE y de empresas privadas (Andes Petroleum y Gruntec) pudieron discutir sobre la problem\u00e1tica en relaci\u00f3n a los pasivos ambientales y la criticidad de los mismos. Tambi\u00e9n analizaron la normativa ambiental vigente en el Ecuador compar\u00e1ndola con otras regulaciones de pa\u00edses como Estados Unidos y Canad\u00e1, observando que la pol\u00edtica ambiental ecuatoriana es m\u00e1s exigente e integral porque reconoce que el desarrollo sustentable solo puede alcanzarse cuando sus tres elementos: social, econ\u00f3mico y ambiental son tratados arm\u00f3nica y equilibradamente en cada proceso.<\/p>\n<p style=\"text-align: justify;\">\nA trav\u00e9s de estudios de caso y ejercicios pr\u00e1cticos los participantes revisaron informaci\u00f3n sobre tecnolog\u00edas f\u00edsico-qu\u00edmicas y biol\u00f3gicas para el tratamiento in-situ y ex-situ de pasivos ambientales provocados por el mal manejo ambiental en actividades de producci\u00f3n hidrocarbur\u00edfera.<\/p>\n<p style=\"text-align: justify;\">\nMar\u00eda Jos\u00e9 Scholis, especialista ambiental del PRAS, manifest\u00f3 la importancia de este tipo de acercamientos con la industria extractiva que permiten compartir conocimientos y alinear las estrategias para el desarrollo de planes de remediaci\u00f3n ambiental. \u201cEl conocimiento de tecnolog\u00edas para el tratamiento de pasivos ambientales es una herramienta necesaria importante para la elaboraci\u00f3n de programas que permitir\u00e1n una remediaci\u00f3n ambiental\u00a0 efectiva que se complementa con instrumentos de ubicaci\u00f3n espacial para la verificaci\u00f3n del avance de la remediaci\u00f3n en territorio\u201d, enfatiz\u00f3.<\/p>\n<p style=\"text-align: justify;\">\n<strong>El Dato<\/strong><br \/>\nLos pasivos ambientales son aquellos da\u00f1os y\/o impactos ambientales negativos no reparados o no restaurados. Tambi\u00e9n se llaman as\u00ed a los impactos o da\u00f1os que han sido intervenidos previamente pero de forma inadecuada o incompleta y contin\u00faan presentes en el ambiente, constituyendo un riesgo para cualquiera de sus componentes, generados por una obra, proyecto o una actividad productiva o econ\u00f3mica en general. (Acuerdo ministerial 169, 2012).<\/p>\n","protected":false},"excerpt":{"rendered":"<p class=\"excerpt\">Con el objetivo de conocer varias t\u00e9cnicas de manejo de pasivos ambientales generados por actividades hidrocarbur\u00edferas, un equipo del Programa de Reparaci\u00f3n Ambiental y Social (PRAS) del Ministerio del Ambiente (MAE) particip\u00f3 en el\u00a0 taller sobre \u201cPasivos Ambientales en el Sector Petrolero\u201d. Las jornadas de capacitaci\u00f3n, desarrolladas entre el\u00a0 5 y el 7 de mayo, fueron organizadas por el laboratorio&hellip; <a href=\"https:\/\/www.ambienteyenergia.gob.ec\/ambiente\/mae-analiza-con-empresas-privadas-la-importancia-de-una-correcta-remediacion-de-pasivos-ambientales-del-sector-hidrocarburifero\/\">Read more &rarr;<\/a><\/p>\n","protected":false},"author":13,"featured_media":20122,"comment_status":"open","ping_status":"open","sticky":false,"template":"","format":"standard","meta":{"footnotes":""},"categories":[16,4],"tags":[],"class_list":["post-20121","post","type-post","status-publish","format-standard","has-post-thumbnail","hentry","category-comunicamos","category-noticias","xfolkentry"],"_links":{"self":[{"href":"https:\/\/www.ambienteyenergia.gob.ec\/ambiente\/wp-json\/wp\/v2\/posts\/20121","targetHints":{"allow":["GET"]}}],"collection":[{"href":"https:\/\/www.ambienteyenergia.gob.ec\/ambiente\/wp-json\/wp\/v2\/posts"}],"about":[{"href":"https:\/\/www.ambienteyenergia.gob.ec\/ambiente\/wp-json\/wp\/v2\/types\/post"}],"author":[{"embeddable":true,"href":"https:\/\/www.ambienteyenergia.gob.ec\/ambiente\/wp-json\/wp\/v2\/users\/13"}],"replies":[{"embeddable":true,"href":"https:\/\/www.ambienteyenergia.gob.ec\/ambiente\/wp-json\/wp\/v2\/comments?post=20121"}],"version-history":[{"count":0,"href":"https:\/\/www.ambienteyenergia.gob.ec\/ambiente\/wp-json\/wp\/v2\/posts\/20121\/revisions"}],"wp:featuredmedia":[{"embeddable":true,"href":"https:\/\/www.ambienteyenergia.gob.ec\/ambiente\/wp-json\/wp\/v2\/media\/20122"}],"wp:attachment":[{"href":"https:\/\/www.ambienteyenergia.gob.ec\/ambiente\/wp-json\/wp\/v2\/media?parent=20121"}],"wp:term":[{"taxonomy":"category","embeddable":true,"href":"https:\/\/www.ambienteyenergia.gob.ec\/ambiente\/wp-json\/wp\/v2\/categories?post=20121"},{"taxonomy":"post_tag","embeddable":true,"href":"https:\/\/www.ambienteyenergia.gob.ec\/ambiente\/wp-json\/wp\/v2\/tags?post=20121"}],"curies":[{"name":"wp","href":"https:\/\/api.w.org\/{rel}","templated":true}]}}