{"id":20118,"date":"2014-05-16T16:35:38","date_gmt":"2014-05-16T21:35:38","guid":{"rendered":"http:\/\/www.ambiente.gob.ec\/?p=20118"},"modified":"2014-05-19T10:01:23","modified_gmt":"2014-05-19T15:01:23","slug":"mae-sancionara-a-quienes-contaminen-el-estero-salado-en-guayaquil","status":"publish","type":"post","link":"https:\/\/www.ambienteyenergia.gob.ec\/ambiente\/mae-sancionara-a-quienes-contaminen-el-estero-salado-en-guayaquil\/","title":{"rendered":"MAE sancionar\u00e1 a quienes contaminen el Estero Salado en Guayaquil"},"content":{"rendered":"<p style=\"text-align: justify;\">La Ministra del Ambiente, Lorena Tapia, anunci\u00f3 hoy en rueda de prensa que la Autoridad Nacional Ambiental cuenta con un plan para sancionar con prisi\u00f3n y multas a quienes arrojen basura en las riberas del Estero Salado. Este anuncio est\u00e1 amparado en el art. 607, literal \u2018d\u2019 del C\u00f3digo Penal que se\u00f1ala que \u201cser\u00e1 sancionada con prisi\u00f3n de cinco a siete d\u00edas, y multa de $44 a $88, todo aquel que arroje desperdicios o aguas contaminantes, destruya la vegetaci\u00f3n de los parques o espacios verdes, en los casos en que tales actos no constituyan delito\u201d.<\/p>\n<p style=\"text-align: justify;\">En su intervenci\u00f3n, Tapia inform\u00f3 sobre las sanciones que ser\u00e1n aplicadas: \u201ca partir de hoy, las personas que boten desechos al Estero Salado ser\u00e1n detenidas, previo al informe t\u00e9cnico del Ministerio del Ambiente, el infractor ser\u00e1 socializado sobre la infracci\u00f3n que ha cometido y llevado al centro de salud para una valoraci\u00f3n m\u00e9dica. Este documento determinar\u00e1 las condiciones de la sanci\u00f3n; prisi\u00f3n de 5 a 7 d\u00edas y una multa de hasta 80 d\u00f3lares\u201d.<\/p>\n<p>Para controlar estas acciones indebidas, se realizar\u00e1n permanentes recorridos de vigilancia y control en las riberas de los ramales interiores del Estero Salado, Del Muerto, Puerto Lisa, Mogoll\u00f3n, Palanqueado y Las Ranas, en comunidades como: La Isla Trinitaria, Las Malvinas, Cristo del Consuelo, Suburbio oeste (Puerto Lisa, La Chala, Cisnes I y II, Batall\u00f3n del Suburbio, entre otros). Este trabajo lo realizar\u00e1n los t\u00e9cnicos del Proyecto Guayaquil Ecol\u00f3gico, t\u00e9cnicos de la Direcci\u00f3n Provincial del Ambiente del Guayas (DPAG) y personal de resguardo de la Polic\u00eda Nacional.<\/p>\n<p>Por su parte el Gobernador del Guayas, Rolando Panchana, invit\u00f3 a la ciudadan\u00eda a denunciar estos casos de contaminaci\u00f3n, con amparo en la normativa ambiental. Adem\u00e1s el pasado viernes se realiz\u00f3 una capacitaci\u00f3n a los miembros de la Polic\u00eda Nacional para informar sobre la competencia de cada instituci\u00f3n y el trabajo que deben realizar.<\/p>\n<p>La Subsecretar\u00eda de Gesti\u00f3n Marina y Costera, a trav\u00e9s del Proyecto Guayaquil Ecol\u00f3gico ha realizado la instalaci\u00f3n de 45 vallas informativas para comunicar a la comunidad la imposici\u00f3n de multas y sanciones.<\/p>\n","protected":false},"excerpt":{"rendered":"<p class=\"excerpt\">La Ministra del Ambiente, Lorena Tapia, anunci\u00f3 hoy en rueda de prensa que la Autoridad Nacional Ambiental cuenta con un plan para sancionar con prisi\u00f3n y multas a quienes arrojen basura en las riberas del Estero Salado. Este anuncio est\u00e1 amparado en el art. 607, literal \u2018d\u2019 del C\u00f3digo Penal que se\u00f1ala que \u201cser\u00e1 sancionada con prisi\u00f3n de cinco a&hellip; <a href=\"https:\/\/www.ambienteyenergia.gob.ec\/ambiente\/mae-sancionara-a-quienes-contaminen-el-estero-salado-en-guayaquil\/\">Read more &rarr;<\/a><\/p>\n","protected":false},"author":13,"featured_media":20119,"comment_status":"open","ping_status":"open","sticky":false,"template":"","format":"standard","meta":{"footnotes":""},"categories":[16,4],"tags":[],"class_list":["post-20118","post","type-post","status-publish","format-standard","has-post-thumbnail","hentry","category-comunicamos","category-noticias","xfolkentry"],"_links":{"self":[{"href":"https:\/\/www.ambienteyenergia.gob.ec\/ambiente\/wp-json\/wp\/v2\/posts\/20118","targetHints":{"allow":["GET"]}}],"collection":[{"href":"https:\/\/www.ambienteyenergia.gob.ec\/ambiente\/wp-json\/wp\/v2\/posts"}],"about":[{"href":"https:\/\/www.ambienteyenergia.gob.ec\/ambiente\/wp-json\/wp\/v2\/types\/post"}],"author":[{"embeddable":true,"href":"https:\/\/www.ambienteyenergia.gob.ec\/ambiente\/wp-json\/wp\/v2\/users\/13"}],"replies":[{"embeddable":true,"href":"https:\/\/www.ambienteyenergia.gob.ec\/ambiente\/wp-json\/wp\/v2\/comments?post=20118"}],"version-history":[{"count":0,"href":"https:\/\/www.ambienteyenergia.gob.ec\/ambiente\/wp-json\/wp\/v2\/posts\/20118\/revisions"}],"wp:featuredmedia":[{"embeddable":true,"href":"https:\/\/www.ambienteyenergia.gob.ec\/ambiente\/wp-json\/wp\/v2\/media\/20119"}],"wp:attachment":[{"href":"https:\/\/www.ambienteyenergia.gob.ec\/ambiente\/wp-json\/wp\/v2\/media?parent=20118"}],"wp:term":[{"taxonomy":"category","embeddable":true,"href":"https:\/\/www.ambienteyenergia.gob.ec\/ambiente\/wp-json\/wp\/v2\/categories?post=20118"},{"taxonomy":"post_tag","embeddable":true,"href":"https:\/\/www.ambienteyenergia.gob.ec\/ambiente\/wp-json\/wp\/v2\/tags?post=20118"}],"curies":[{"name":"wp","href":"https:\/\/api.w.org\/{rel}","templated":true}]}}