{"id":20114,"date":"2014-05-16T16:27:50","date_gmt":"2014-05-16T21:27:50","guid":{"rendered":"http:\/\/www.ambiente.gob.ec\/?p=20114"},"modified":"2014-05-16T18:42:20","modified_gmt":"2014-05-16T23:42:20","slug":"mae-socializa-sobre-calidad-ambiental-en-la-camara-de-industriales-atuneros-del-ecuador-en-manabi","status":"publish","type":"post","link":"https:\/\/www.ambienteyenergia.gob.ec\/ambiente\/mae-socializa-sobre-calidad-ambiental-en-la-camara-de-industriales-atuneros-del-ecuador-en-manabi\/","title":{"rendered":"MAE socializa normativa ambiental en la C\u00e1mara de Industriales Atuneros del Ecuador en Manab\u00ed"},"content":{"rendered":"<p style=\"text-align: justify;\">El Ministerio del Ambiente de Ecuador (MAE), a trav\u00e9s de la Subsecretar\u00eda de Calidad Ambiental particip\u00f3 en la socializaci\u00f3n en relaci\u00f3n la Categorizaci\u00f3n Ambiental, Normativa de agua y la Certificaci\u00f3n Ecuatoriana Ambiental \u201cPunto Verde\u201d as\u00ed como la Autorizaci\u00f3n para la exenci\u00f3n tributaria por el 100% adicional a la depreciaci\u00f3n de maquinaria equipo y tecnolog\u00eda, en la C\u00e1mara de Industriales Atuneros del Ecuador.<\/p>\n<p style=\"text-align: justify;\">Como parte de la agenda propuesta, se realiz\u00f3 adem\u00e1s en Marbelize la entrega de la segunda placa de Reconocimiento Ecuatoriano Ambiental \u201cPunto Verde\u201d, y se invit\u00f3 a esta empresa a que incluya dentro de sus propuestas ambientales, la implementaci\u00f3n de proyectos de producci\u00f3n m\u00e1s limpia, en el marco de la actual\u00a0 Certificaci\u00f3n \u00abPunto Verde\u00bb.<\/p>\n<p style=\"text-align: justify;\">Esta actividad representa una de las formas de cumplir con los procesos de gesti\u00f3n de la Subsecretar\u00eda de Calidad Ambiental de forma efectiva hacia el sector productivo destacando la presencia de tipo t\u00e9cnico y pol\u00edtico para dar la fuerza e importancia a estas propuestas implementadas por la M\u00e1xima Autoridad Ambiental.<\/p>\n","protected":false},"excerpt":{"rendered":"<p class=\"excerpt\">El Ministerio del Ambiente de Ecuador (MAE), a trav\u00e9s de la Subsecretar\u00eda de Calidad Ambiental particip\u00f3 en la socializaci\u00f3n en relaci\u00f3n la Categorizaci\u00f3n Ambiental, Normativa de agua y la Certificaci\u00f3n Ecuatoriana Ambiental \u201cPunto Verde\u201d as\u00ed como la Autorizaci\u00f3n para la exenci\u00f3n tributaria por el 100% adicional a la depreciaci\u00f3n de maquinaria equipo y tecnolog\u00eda, en la C\u00e1mara de Industriales Atuneros&hellip; <a href=\"https:\/\/www.ambienteyenergia.gob.ec\/ambiente\/mae-socializa-sobre-calidad-ambiental-en-la-camara-de-industriales-atuneros-del-ecuador-en-manabi\/\">Read more &rarr;<\/a><\/p>\n","protected":false},"author":13,"featured_media":20116,"comment_status":"open","ping_status":"open","sticky":false,"template":"","format":"standard","meta":{"footnotes":""},"categories":[16,4],"tags":[],"class_list":["post-20114","post","type-post","status-publish","format-standard","has-post-thumbnail","hentry","category-comunicamos","category-noticias","xfolkentry"],"_links":{"self":[{"href":"https:\/\/www.ambienteyenergia.gob.ec\/ambiente\/wp-json\/wp\/v2\/posts\/20114","targetHints":{"allow":["GET"]}}],"collection":[{"href":"https:\/\/www.ambienteyenergia.gob.ec\/ambiente\/wp-json\/wp\/v2\/posts"}],"about":[{"href":"https:\/\/www.ambienteyenergia.gob.ec\/ambiente\/wp-json\/wp\/v2\/types\/post"}],"author":[{"embeddable":true,"href":"https:\/\/www.ambienteyenergia.gob.ec\/ambiente\/wp-json\/wp\/v2\/users\/13"}],"replies":[{"embeddable":true,"href":"https:\/\/www.ambienteyenergia.gob.ec\/ambiente\/wp-json\/wp\/v2\/comments?post=20114"}],"version-history":[{"count":0,"href":"https:\/\/www.ambienteyenergia.gob.ec\/ambiente\/wp-json\/wp\/v2\/posts\/20114\/revisions"}],"wp:featuredmedia":[{"embeddable":true,"href":"https:\/\/www.ambienteyenergia.gob.ec\/ambiente\/wp-json\/wp\/v2\/media\/20116"}],"wp:attachment":[{"href":"https:\/\/www.ambienteyenergia.gob.ec\/ambiente\/wp-json\/wp\/v2\/media?parent=20114"}],"wp:term":[{"taxonomy":"category","embeddable":true,"href":"https:\/\/www.ambienteyenergia.gob.ec\/ambiente\/wp-json\/wp\/v2\/categories?post=20114"},{"taxonomy":"post_tag","embeddable":true,"href":"https:\/\/www.ambienteyenergia.gob.ec\/ambiente\/wp-json\/wp\/v2\/tags?post=20114"}],"curies":[{"name":"wp","href":"https:\/\/api.w.org\/{rel}","templated":true}]}}