{"id":20108,"date":"2014-05-16T15:25:01","date_gmt":"2014-05-16T20:25:01","guid":{"rendered":"http:\/\/www.ambiente.gob.ec\/?p=20108"},"modified":"2014-05-16T15:25:01","modified_gmt":"2014-05-16T20:25:01","slug":"direccion-del-parque-galapagos-lidera-ejecucion-del-decreto-de-emergencia-del-mae","status":"publish","type":"post","link":"https:\/\/www.ambienteyenergia.gob.ec\/ambiente\/direccion-del-parque-galapagos-lidera-ejecucion-del-decreto-de-emergencia-del-mae\/","title":{"rendered":"Direcci\u00f3n del Parque Gal\u00e1pagos lidera ejecuci\u00f3n del decreto de emergencia del MAE"},"content":{"rendered":"<p style=\"text-align: justify;\"><em>La autoridad ambiental afina detalles relacionados con la parte administrativa y financiera para atender la emergencia.<\/em><\/p>\n<p>Una vez emitido el Acuerdo Ministerial de Emergencia por parte del Ministerio del Ambiente (MAE), la Direcci\u00f3n del Parque Nacional Gal\u00e1pagos (DPNG) asume la ejecuci\u00f3n de las acciones pertinentes para cumplir con la disposici\u00f3n ministerial, relacionada a la prevenci\u00f3n y reducci\u00f3n de los posibles riesgos ambientales por el buque de carga Galapaface I, encallado el viernes 9 de mayo de 2014.<\/p>\n<p>Desde la declaratoria, las actividades se han centrado en el proceso de gesti\u00f3n de recursos financieros y la contrataci\u00f3n de la empresa especializada en salvataje que se encargar\u00e1 del reflotamiento y posterior traslado de la nave hasta sacarla de la Reserva Marina de Gal\u00e1pagos.<\/p>\n<p style=\"text-align: justify;\">\nEl Comit\u00e9 de Operaciones de Emergencia (COE) acogi\u00f3 la declaratoria del MAE y decidi\u00f3 el establecimiento de una comisi\u00f3n t\u00e9cnica, conformada por los representantes de las instituciones involucradas en las acciones de salvataje, quienes contribuyeron en la elaboraci\u00f3n de \u201cEl Plan de Acci\u00f3n Emergente Ambiental para el desvaramiento del buque de carga Galapaface I\u201d. Este documento fue presentado por la DPNG ante el COE.<\/p>\n","protected":false},"excerpt":{"rendered":"<p class=\"excerpt\">La autoridad ambiental afina detalles relacionados con la parte administrativa y financiera para atender la emergencia. Una vez emitido el Acuerdo Ministerial de Emergencia por parte del Ministerio del Ambiente (MAE), la Direcci\u00f3n del Parque Nacional Gal\u00e1pagos (DPNG) asume la ejecuci\u00f3n de las acciones pertinentes para cumplir con la disposici\u00f3n ministerial, relacionada a la prevenci\u00f3n y reducci\u00f3n de los posibles&hellip; <a href=\"https:\/\/www.ambienteyenergia.gob.ec\/ambiente\/direccion-del-parque-galapagos-lidera-ejecucion-del-decreto-de-emergencia-del-mae\/\">Read more &rarr;<\/a><\/p>\n","protected":false},"author":13,"featured_media":19936,"comment_status":"open","ping_status":"open","sticky":false,"template":"","format":"standard","meta":{"footnotes":""},"categories":[16,4],"tags":[],"class_list":["post-20108","post","type-post","status-publish","format-standard","has-post-thumbnail","hentry","category-comunicamos","category-noticias","xfolkentry"],"_links":{"self":[{"href":"https:\/\/www.ambienteyenergia.gob.ec\/ambiente\/wp-json\/wp\/v2\/posts\/20108","targetHints":{"allow":["GET"]}}],"collection":[{"href":"https:\/\/www.ambienteyenergia.gob.ec\/ambiente\/wp-json\/wp\/v2\/posts"}],"about":[{"href":"https:\/\/www.ambienteyenergia.gob.ec\/ambiente\/wp-json\/wp\/v2\/types\/post"}],"author":[{"embeddable":true,"href":"https:\/\/www.ambienteyenergia.gob.ec\/ambiente\/wp-json\/wp\/v2\/users\/13"}],"replies":[{"embeddable":true,"href":"https:\/\/www.ambienteyenergia.gob.ec\/ambiente\/wp-json\/wp\/v2\/comments?post=20108"}],"version-history":[{"count":0,"href":"https:\/\/www.ambienteyenergia.gob.ec\/ambiente\/wp-json\/wp\/v2\/posts\/20108\/revisions"}],"wp:featuredmedia":[{"embeddable":true,"href":"https:\/\/www.ambienteyenergia.gob.ec\/ambiente\/wp-json\/wp\/v2\/media\/19936"}],"wp:attachment":[{"href":"https:\/\/www.ambienteyenergia.gob.ec\/ambiente\/wp-json\/wp\/v2\/media?parent=20108"}],"wp:term":[{"taxonomy":"category","embeddable":true,"href":"https:\/\/www.ambienteyenergia.gob.ec\/ambiente\/wp-json\/wp\/v2\/categories?post=20108"},{"taxonomy":"post_tag","embeddable":true,"href":"https:\/\/www.ambienteyenergia.gob.ec\/ambiente\/wp-json\/wp\/v2\/tags?post=20108"}],"curies":[{"name":"wp","href":"https:\/\/api.w.org\/{rel}","templated":true}]}}