{"id":20104,"date":"2014-05-16T15:19:27","date_gmt":"2014-05-16T20:19:27","guid":{"rendered":"http:\/\/www.ambiente.gob.ec\/?p=20104"},"modified":"2014-05-16T15:19:27","modified_gmt":"2014-05-16T20:19:27","slug":"mae-y-servicio-civil-ciudadano-celebran-el-dia-del-reciclaje-en-chimborazo","status":"publish","type":"post","link":"https:\/\/www.ambienteyenergia.gob.ec\/ambiente\/mae-y-servicio-civil-ciudadano-celebran-el-dia-del-reciclaje-en-chimborazo\/","title":{"rendered":"MAE y Servicio Civil Ciudadano celebran el d\u00eda del Reciclaje en Chimborazo"},"content":{"rendered":"<p style=\"text-align: justify;\">El Ministerio del Ambiente (MAE), a trav\u00e9s de la Direcci\u00f3n Provincial del Ambiente de Chimborazo conjuntamente con los J\u00f3venes del Proyecto Servicio Civil Ciudadano (SCC), realizaron actividades interactivas en conmemoraci\u00f3n al \u201cD\u00eda Internacional del Reciclaje\u201d en la ciudad de Riobamba.<\/p>\n<p style=\"text-align: justify;\">\nCon el prop\u00f3sito de concienciar a la ciudadan\u00eda sobre la importancia de la fecha ambiental, los participantes del Proyecto Servicio Civil bajo la coordinaci\u00f3n de funcionarios del MAE acudieron con materiales l\u00fadicos a las calles c\u00e9ntricas de Riobamba para promover el reciclaje y el consumo responsable de productos.<\/p>\n<p style=\"text-align: justify;\">\nLos sem\u00e1foros ubicados en las calles de la ciudad fueron aprovechados\u00a0 para concienciar a conductores y peatones que transitaban por el lugar; los j\u00f3venes del proyecto SCC, mediante teatro urbano e intervenci\u00f3n de mimos trasmitieron mensajes sobre la gesti\u00f3n adecuada de residuos.<\/p>\n<p style=\"text-align: justify;\">\nEn otro punto de la ciudad, MAE instal\u00f3 un stand informativo en el cual se trataron temas como la historia del reciclaje y las 3R, adem\u00e1s en el espacio se exhibieron art\u00edculos elaborados con materiales reutilizados con el objetivo de fomentar su confecci\u00f3n.<\/p>\n<p style=\"text-align: justify;\">\nEl p\u00fablico que particip\u00f3 en el stand y observo la intervenci\u00f3n de los j\u00f3venes, felicit\u00f3 al MAE por desarrollar esta iniciativa de Educaci\u00f3n Ambiental.<\/p>\n","protected":false},"excerpt":{"rendered":"<p class=\"excerpt\">El Ministerio del Ambiente (MAE), a trav\u00e9s de la Direcci\u00f3n Provincial del Ambiente de Chimborazo conjuntamente con los J\u00f3venes del Proyecto Servicio Civil Ciudadano (SCC), realizaron actividades interactivas en conmemoraci\u00f3n al \u201cD\u00eda Internacional del Reciclaje\u201d en la ciudad de Riobamba. Con el prop\u00f3sito de concienciar a la ciudadan\u00eda sobre la importancia de la fecha ambiental, los participantes del Proyecto Servicio&hellip; <a href=\"https:\/\/www.ambienteyenergia.gob.ec\/ambiente\/mae-y-servicio-civil-ciudadano-celebran-el-dia-del-reciclaje-en-chimborazo\/\">Read more &rarr;<\/a><\/p>\n","protected":false},"author":13,"featured_media":20105,"comment_status":"open","ping_status":"open","sticky":false,"template":"","format":"standard","meta":{"footnotes":""},"categories":[16,4],"tags":[],"class_list":["post-20104","post","type-post","status-publish","format-standard","has-post-thumbnail","hentry","category-comunicamos","category-noticias","xfolkentry"],"_links":{"self":[{"href":"https:\/\/www.ambienteyenergia.gob.ec\/ambiente\/wp-json\/wp\/v2\/posts\/20104","targetHints":{"allow":["GET"]}}],"collection":[{"href":"https:\/\/www.ambienteyenergia.gob.ec\/ambiente\/wp-json\/wp\/v2\/posts"}],"about":[{"href":"https:\/\/www.ambienteyenergia.gob.ec\/ambiente\/wp-json\/wp\/v2\/types\/post"}],"author":[{"embeddable":true,"href":"https:\/\/www.ambienteyenergia.gob.ec\/ambiente\/wp-json\/wp\/v2\/users\/13"}],"replies":[{"embeddable":true,"href":"https:\/\/www.ambienteyenergia.gob.ec\/ambiente\/wp-json\/wp\/v2\/comments?post=20104"}],"version-history":[{"count":0,"href":"https:\/\/www.ambienteyenergia.gob.ec\/ambiente\/wp-json\/wp\/v2\/posts\/20104\/revisions"}],"wp:featuredmedia":[{"embeddable":true,"href":"https:\/\/www.ambienteyenergia.gob.ec\/ambiente\/wp-json\/wp\/v2\/media\/20105"}],"wp:attachment":[{"href":"https:\/\/www.ambienteyenergia.gob.ec\/ambiente\/wp-json\/wp\/v2\/media?parent=20104"}],"wp:term":[{"taxonomy":"category","embeddable":true,"href":"https:\/\/www.ambienteyenergia.gob.ec\/ambiente\/wp-json\/wp\/v2\/categories?post=20104"},{"taxonomy":"post_tag","embeddable":true,"href":"https:\/\/www.ambienteyenergia.gob.ec\/ambiente\/wp-json\/wp\/v2\/tags?post=20104"}],"curies":[{"name":"wp","href":"https:\/\/api.w.org\/{rel}","templated":true}]}}