{"id":20101,"date":"2014-05-16T15:15:58","date_gmt":"2014-05-16T20:15:58","guid":{"rendered":"http:\/\/www.ambiente.gob.ec\/?p=20101"},"modified":"2014-05-16T15:15:58","modified_gmt":"2014-05-16T20:15:58","slug":"mae-impulsa-la-investigacion-en-el-parque-nacional-yasuni","status":"publish","type":"post","link":"https:\/\/www.ambienteyenergia.gob.ec\/ambiente\/mae-impulsa-la-investigacion-en-el-parque-nacional-yasuni\/","title":{"rendered":"MAE impulsa la investigaci\u00f3n en el Parque Nacional Yasun\u00ed"},"content":{"rendered":"<p style=\"text-align: justify;\">El Ministerio del Ambiente en colaboraci\u00f3n con la Universidad San Francisco de Quito busca instalar un sitio de monitoreo intensivo de carbono dentro de la Reserva de Bi\u00f3sfera Yasun\u00ed, esto con el objetivo de fortalecer el entendimiento de la din\u00e1mica de este elemento, sus implicaciones en temas de cambio clim\u00e1tico y manejo de ecosistemas.<\/p>\n<p>El Parque Nacional Yasun\u00ed representa un ecosistema de alto inter\u00e9s para desarrollar estudios de este tipo por su alto valor ecol\u00f3gico y estado de conservaci\u00f3n, al mismo tiempo el v\u00ednculo con el sector acad\u00e9mico permitir\u00e1 fomentar la investigaci\u00f3n sobre la ecolog\u00eda del lugar y ayudar\u00e1 a mejorar la calidad de informaci\u00f3n que el Ministerio maneja para la toma de decisiones.<br \/>\nFuncionarios de las Subsecretar\u00edas de Cambio Clim\u00e1tico y Patrimonio Natural del MAE realizaron una visita exploratoria a la estaci\u00f3n cient\u00edfica Tiputini, acompa\u00f1ados de especialistas del sector acad\u00e9mico. La inspecci\u00f3n permiti\u00f3 conocer el estado actual de las instalaciones donde se montar\u00e1 el equipo, adem\u00e1s de analizar la viabilidad de implementar un sitio de monitoreo intensivo dentro de la reserva.<\/p>\n<p>El financiamiento de los equipos (torre de flujo) ser\u00e1 cubierto, en parte, por el programa regional SYLVACARBON que busca instalar sitios de monitoreo intensivo de carbono a nivel regional, con el fin de fortalecer esta red en el continente. Esta iniciativa tambi\u00e9n permitir\u00e1 a investigadores de universidades p\u00fablicas y privadas vincularse m\u00e1s al tema y beneficiarse de la informaci\u00f3n levantada con miras a ampliar esta actividad, en un futuro, a otros tipos de ecosistemas del Ecuador.<\/p>\n<p>La iniciativa servir\u00e1 para complementar la informaci\u00f3n levantada para el Inventario Nacional Forestal y ser\u00e1 un insumo valioso para el sistema de Medici\u00f3n Reporte y Verificaci\u00f3n (MRV) del Programa Nacional REDD+.<\/p>\n","protected":false},"excerpt":{"rendered":"<p class=\"excerpt\">El Ministerio del Ambiente en colaboraci\u00f3n con la Universidad San Francisco de Quito busca instalar un sitio de monitoreo intensivo de carbono dentro de la Reserva de Bi\u00f3sfera Yasun\u00ed, esto con el objetivo de fortalecer el entendimiento de la din\u00e1mica de este elemento, sus implicaciones en temas de cambio clim\u00e1tico y manejo de ecosistemas. El Parque Nacional Yasun\u00ed representa un&hellip; <a href=\"https:\/\/www.ambienteyenergia.gob.ec\/ambiente\/mae-impulsa-la-investigacion-en-el-parque-nacional-yasuni\/\">Read more &rarr;<\/a><\/p>\n","protected":false},"author":13,"featured_media":20102,"comment_status":"open","ping_status":"open","sticky":false,"template":"","format":"standard","meta":{"footnotes":""},"categories":[16,4],"tags":[],"class_list":["post-20101","post","type-post","status-publish","format-standard","has-post-thumbnail","hentry","category-comunicamos","category-noticias","xfolkentry"],"_links":{"self":[{"href":"https:\/\/www.ambienteyenergia.gob.ec\/ambiente\/wp-json\/wp\/v2\/posts\/20101","targetHints":{"allow":["GET"]}}],"collection":[{"href":"https:\/\/www.ambienteyenergia.gob.ec\/ambiente\/wp-json\/wp\/v2\/posts"}],"about":[{"href":"https:\/\/www.ambienteyenergia.gob.ec\/ambiente\/wp-json\/wp\/v2\/types\/post"}],"author":[{"embeddable":true,"href":"https:\/\/www.ambienteyenergia.gob.ec\/ambiente\/wp-json\/wp\/v2\/users\/13"}],"replies":[{"embeddable":true,"href":"https:\/\/www.ambienteyenergia.gob.ec\/ambiente\/wp-json\/wp\/v2\/comments?post=20101"}],"version-history":[{"count":0,"href":"https:\/\/www.ambienteyenergia.gob.ec\/ambiente\/wp-json\/wp\/v2\/posts\/20101\/revisions"}],"wp:featuredmedia":[{"embeddable":true,"href":"https:\/\/www.ambienteyenergia.gob.ec\/ambiente\/wp-json\/wp\/v2\/media\/20102"}],"wp:attachment":[{"href":"https:\/\/www.ambienteyenergia.gob.ec\/ambiente\/wp-json\/wp\/v2\/media?parent=20101"}],"wp:term":[{"taxonomy":"category","embeddable":true,"href":"https:\/\/www.ambienteyenergia.gob.ec\/ambiente\/wp-json\/wp\/v2\/categories?post=20101"},{"taxonomy":"post_tag","embeddable":true,"href":"https:\/\/www.ambienteyenergia.gob.ec\/ambiente\/wp-json\/wp\/v2\/tags?post=20101"}],"curies":[{"name":"wp","href":"https:\/\/api.w.org\/{rel}","templated":true}]}}