{"id":20097,"date":"2014-05-16T10:24:28","date_gmt":"2014-05-16T15:24:28","guid":{"rendered":"http:\/\/www.ambiente.gob.ec\/?p=20097"},"modified":"2014-05-16T10:24:28","modified_gmt":"2014-05-16T15:24:28","slug":"mae-controla-areas-de-libre-aprovechamiento-en-bolivar","status":"publish","type":"post","link":"https:\/\/www.ambienteyenergia.gob.ec\/ambiente\/mae-controla-areas-de-libre-aprovechamiento-en-bolivar\/","title":{"rendered":"MAE controla \u00e1reas de Libre Aprovechamiento en Bol\u00edvar"},"content":{"rendered":"<p style=\"text-align: justify;\">El Ministerio del Ambiente, a trav\u00e9s de la Direcci\u00f3n Provincial del Ambiente de Bol\u00edvar,\u00a0 conjuntamente con el Ministerio de Transporte y Obras P\u00fablicas, realiz\u00f3 una inspecci\u00f3n a las \u00e1reas de Libre Aprovechamiento: La Piedra, Pitiambi, Illuvi,\u00a0 para confirmar su cierre puesto que no se realiza, en la actualidad, ning\u00fan tipo de trabajo extractivo. El producto de la extracci\u00f3n fue utilizado en el Proyecto Vial Guanujo Echeand\u00eda.<\/p>\n<p>Este trayecto asfaltado cubre una longitud de 52km y une a la Parroquia Guanujo con el Cant\u00f3n Echeand\u00eda. Cuenta con las normas de seguridad y se\u00f1alizaci\u00f3n necesarias para su utilizaci\u00f3n.<\/p>\n<p style=\"text-align: justify;\">\nAdem\u00e1s de que se ha efectuado la respectiva remediaci\u00f3n ambiental, se constat\u00f3 que en el lugar no se encuentra maquinaria, ni equipos lo mismos que han sido retirados en su totalidad.<\/p>\n","protected":false},"excerpt":{"rendered":"<p class=\"excerpt\">El Ministerio del Ambiente, a trav\u00e9s de la Direcci\u00f3n Provincial del Ambiente de Bol\u00edvar,\u00a0 conjuntamente con el Ministerio de Transporte y Obras P\u00fablicas, realiz\u00f3 una inspecci\u00f3n a las \u00e1reas de Libre Aprovechamiento: La Piedra, Pitiambi, Illuvi,\u00a0 para confirmar su cierre puesto que no se realiza, en la actualidad, ning\u00fan tipo de trabajo extractivo. El producto de la extracci\u00f3n fue utilizado&hellip; <a href=\"https:\/\/www.ambienteyenergia.gob.ec\/ambiente\/mae-controla-areas-de-libre-aprovechamiento-en-bolivar\/\">Read more &rarr;<\/a><\/p>\n","protected":false},"author":13,"featured_media":20098,"comment_status":"open","ping_status":"open","sticky":false,"template":"","format":"standard","meta":{"footnotes":""},"categories":[16,4],"tags":[],"class_list":["post-20097","post","type-post","status-publish","format-standard","has-post-thumbnail","hentry","category-comunicamos","category-noticias","xfolkentry"],"_links":{"self":[{"href":"https:\/\/www.ambienteyenergia.gob.ec\/ambiente\/wp-json\/wp\/v2\/posts\/20097","targetHints":{"allow":["GET"]}}],"collection":[{"href":"https:\/\/www.ambienteyenergia.gob.ec\/ambiente\/wp-json\/wp\/v2\/posts"}],"about":[{"href":"https:\/\/www.ambienteyenergia.gob.ec\/ambiente\/wp-json\/wp\/v2\/types\/post"}],"author":[{"embeddable":true,"href":"https:\/\/www.ambienteyenergia.gob.ec\/ambiente\/wp-json\/wp\/v2\/users\/13"}],"replies":[{"embeddable":true,"href":"https:\/\/www.ambienteyenergia.gob.ec\/ambiente\/wp-json\/wp\/v2\/comments?post=20097"}],"version-history":[{"count":0,"href":"https:\/\/www.ambienteyenergia.gob.ec\/ambiente\/wp-json\/wp\/v2\/posts\/20097\/revisions"}],"wp:featuredmedia":[{"embeddable":true,"href":"https:\/\/www.ambienteyenergia.gob.ec\/ambiente\/wp-json\/wp\/v2\/media\/20098"}],"wp:attachment":[{"href":"https:\/\/www.ambienteyenergia.gob.ec\/ambiente\/wp-json\/wp\/v2\/media?parent=20097"}],"wp:term":[{"taxonomy":"category","embeddable":true,"href":"https:\/\/www.ambienteyenergia.gob.ec\/ambiente\/wp-json\/wp\/v2\/categories?post=20097"},{"taxonomy":"post_tag","embeddable":true,"href":"https:\/\/www.ambienteyenergia.gob.ec\/ambiente\/wp-json\/wp\/v2\/tags?post=20097"}],"curies":[{"name":"wp","href":"https:\/\/api.w.org\/{rel}","templated":true}]}}