{"id":20093,"date":"2014-05-16T08:12:11","date_gmt":"2014-05-16T13:12:11","guid":{"rendered":"http:\/\/www.ambiente.gob.ec\/?p=20093"},"modified":"2014-05-16T08:12:11","modified_gmt":"2014-05-16T13:12:11","slug":"el-ministerio-del-ambiente-participa-en-la-vi-reunion-binacional-ecuador-colombia-sobre-pesca-ilegal-no-declarada-no-reglamentada-pindnr-y-actividades-ilicitas-de-pesca","status":"publish","type":"post","link":"https:\/\/www.ambienteyenergia.gob.ec\/ambiente\/el-ministerio-del-ambiente-participa-en-la-vi-reunion-binacional-ecuador-colombia-sobre-pesca-ilegal-no-declarada-no-reglamentada-pindnr-y-actividades-ilicitas-de-pesca\/","title":{"rendered":"El Ministerio  del Ambiente participa en la VI Reuni\u00f3n Binacional Ecuador-Colombia sobre Pesca Ilegal, No Declarada, No Reglamentada \u2013PINDNR- y actividades il\u00edcitas de Pesca"},"content":{"rendered":"<p style=\"text-align: justify;\">El Ministerio del Ambiente (MAE), a trav\u00e9s de la Subsecretar\u00eda de Gesti\u00f3n Marina y Costera form\u00f3 parte de la Delegaci\u00f3n Ecuatoriana en la VI Reuni\u00f3n Binacional Ecuador-Colombia sobre Pesca Ilegal, No Declarada, No Reglamentada \u2013PINDNR- y actividades il\u00edcitas de Pesca en la ciudad de Quito.<\/p>\n<p style=\"text-align: justify;\">\nLa delegaci\u00f3n ecuatoriana fue liderada por el Ministerio de Relaciones Exteriores y Movilidad Humana del Ecuador y tambi\u00e9n particip\u00f3 la Secretar\u00eda T\u00e9cnica del Mar, Viceministerio de Acuacultura y Pesca, Subsecretar\u00eda de Recursos Pesqueros, Instituto Nacional de Pesca, Ministerio de Defensa Nacional, Armada del Ecuador, Fiscal\u00eda General del Estado de Ecuador.<\/p>\n<p style=\"text-align: justify;\">\nLa pesca ilegal es un grave problema de connotaciones internacionales que afecta los recursos naturales de los pa\u00edses, especialmente dentro de \u00e1reas protegidas lo cual afecta a especies de inter\u00e9s para la conservaci\u00f3n.<\/p>\n<p style=\"text-align: justify;\">\nEsta actividad agota la poblaci\u00f3n de peces, destruye los h\u00e1bitats marinos, perjudica a los pescadores que cuentan son los permisos y licencias para efectuar esta actividad, adem\u00e1s de ocasionar fragilidad a las comunidades costeras.<\/p>\n<p style=\"text-align: justify;\">\nDurante la jornada de trabajo, los gobiernos de Colombia y Ecuador acordaron trabajar de manera conjunta para reducir esta labor il\u00edcita. Ambas delegaciones resaltaron los avances en el cumplimiento del Plan de Acci\u00f3n Binacional de Pesca Ilegal.<\/p>\n<p style=\"text-align: justify;\">\nPor otro lado, esta reuni\u00f3n sirvi\u00f3 para estrechar los lazos de comunicaci\u00f3n entre Parques Nacionales Naturales de Colombia y del Ecuador, a trav\u00e9s del MAE, para seguir trabajando de manera conjunta en la protecci\u00f3n de nuestros\u00a0 patrimonio natural.<\/p>\n","protected":false},"excerpt":{"rendered":"<p class=\"excerpt\">El Ministerio del Ambiente (MAE), a trav\u00e9s de la Subsecretar\u00eda de Gesti\u00f3n Marina y Costera form\u00f3 parte de la Delegaci\u00f3n Ecuatoriana en la VI Reuni\u00f3n Binacional Ecuador-Colombia sobre Pesca Ilegal, No Declarada, No Reglamentada \u2013PINDNR- y actividades il\u00edcitas de Pesca en la ciudad de Quito. La delegaci\u00f3n ecuatoriana fue liderada por el Ministerio de Relaciones Exteriores y Movilidad Humana del&hellip; <a href=\"https:\/\/www.ambienteyenergia.gob.ec\/ambiente\/el-ministerio-del-ambiente-participa-en-la-vi-reunion-binacional-ecuador-colombia-sobre-pesca-ilegal-no-declarada-no-reglamentada-pindnr-y-actividades-ilicitas-de-pesca\/\">Read more &rarr;<\/a><\/p>\n","protected":false},"author":13,"featured_media":20094,"comment_status":"open","ping_status":"open","sticky":false,"template":"","format":"standard","meta":{"footnotes":""},"categories":[16,4],"tags":[],"class_list":["post-20093","post","type-post","status-publish","format-standard","has-post-thumbnail","hentry","category-comunicamos","category-noticias","xfolkentry"],"_links":{"self":[{"href":"https:\/\/www.ambienteyenergia.gob.ec\/ambiente\/wp-json\/wp\/v2\/posts\/20093","targetHints":{"allow":["GET"]}}],"collection":[{"href":"https:\/\/www.ambienteyenergia.gob.ec\/ambiente\/wp-json\/wp\/v2\/posts"}],"about":[{"href":"https:\/\/www.ambienteyenergia.gob.ec\/ambiente\/wp-json\/wp\/v2\/types\/post"}],"author":[{"embeddable":true,"href":"https:\/\/www.ambienteyenergia.gob.ec\/ambiente\/wp-json\/wp\/v2\/users\/13"}],"replies":[{"embeddable":true,"href":"https:\/\/www.ambienteyenergia.gob.ec\/ambiente\/wp-json\/wp\/v2\/comments?post=20093"}],"version-history":[{"count":0,"href":"https:\/\/www.ambienteyenergia.gob.ec\/ambiente\/wp-json\/wp\/v2\/posts\/20093\/revisions"}],"wp:featuredmedia":[{"embeddable":true,"href":"https:\/\/www.ambienteyenergia.gob.ec\/ambiente\/wp-json\/wp\/v2\/media\/20094"}],"wp:attachment":[{"href":"https:\/\/www.ambienteyenergia.gob.ec\/ambiente\/wp-json\/wp\/v2\/media?parent=20093"}],"wp:term":[{"taxonomy":"category","embeddable":true,"href":"https:\/\/www.ambienteyenergia.gob.ec\/ambiente\/wp-json\/wp\/v2\/categories?post=20093"},{"taxonomy":"post_tag","embeddable":true,"href":"https:\/\/www.ambienteyenergia.gob.ec\/ambiente\/wp-json\/wp\/v2\/tags?post=20093"}],"curies":[{"name":"wp","href":"https:\/\/api.w.org\/{rel}","templated":true}]}}