{"id":20091,"date":"2014-05-15T18:51:13","date_gmt":"2014-05-15T23:51:13","guid":{"rendered":"http:\/\/www.ambiente.gob.ec\/?p=20091"},"modified":"2014-05-15T18:51:13","modified_gmt":"2014-05-15T23:51:13","slug":"condor-juvenil-quipo-es-rescatado-en-napo","status":"publish","type":"post","link":"https:\/\/www.ambienteyenergia.gob.ec\/ambiente\/condor-juvenil-quipo-es-rescatado-en-napo\/","title":{"rendered":"C\u00f3ndor juvenil &#8216;Quipo&#8217; es rescatado en Napo"},"content":{"rendered":"<p style=\"text-align: justify;\">Esta ma\u00f1ana, mientras el gu\u00eda tur\u00edstico, Marcelo Quipo, transitaba por la carretera Baeza-Cosanga, en la provincia de Napo, se encontr\u00f3 con un c\u00f3ndor. Al reconocer a esta especie emblem\u00e1tica, el ciudadano se contact\u00f3 inmediatamente con los Bomberos de Baeza y personal de la Unidad de Protecci\u00f3n del Medio Ambiente (UPMA) de la Polic\u00eda Nacional. Los funcionarios movilizaron al ave hasta las instalaciones del Grupo Especial M\u00f3vil Antinarc\u00f3ticos de esa provincia.<\/p>\n<p style=\"text-align: justify;\">Ante estas circunstancias, t\u00e9cnicos de Vida Silvestre de esta Cartera de Estado se trasladaron al lugar con miembros del Grupo Nacional del Trabajo del C\u00f3ndor Andino, para verificar su estado de salud y tomar las acciones pertinentes, seg\u00fan los protocolos establecidos por la Autoridad Ambiental. Los guardaparques del Parque Nacional Cayambe-Coca y del Parque Nacional Sumaco-Napo Galeras se sumaron a las labores de custodia del esp\u00e9cimen, a quien bautizaron como \u2018Quipo\u2019 en honor al ciudadano que lo rescat\u00f3.<\/p>\n<p style=\"text-align: justify;\">En el transcurso de la tarde, el c\u00f3ndor \u2018Quipo\u2019 fue trasladado al Hospital Veterinario de la Universidad San Francisco de Quito, donde se le realizaron algunos ex\u00e1menes como pruebas de sangre y placas, para descartar cualquier anomal\u00eda en su estado de salud. Los an\u00e1lisis se\u00f1alaron que \u201cQuipo\u201d, a m\u00e1s de un leve problema de peso, se encuentra estable y sin fracturas.<\/p>\n<p style=\"text-align: justify;\">Tras los estudios cl\u00ednicos, se dispuso el traslado del c\u00f3ndor al Centro de Rescate Ilit\u00edo, ubicado en la provincia de Cotopaxi, en donde permanecer\u00e1 en un per\u00edodo de cuarentena hasta su posterior liberaci\u00f3n.<\/p>\n<p style=\"text-align: justify;\">El MAE como m\u00e1xima Autoridad Ambiental velar\u00e1 por el bienestar de esta especie emblem\u00e1tica para el Ecuador y mantendr\u00e1 a la ciudadan\u00eda informada de su situaci\u00f3n y progreso.<\/p>\n<p>&nbsp;<\/p>\n<p>&nbsp;<\/p>\n<p>&nbsp;<\/p>\n","protected":false},"excerpt":{"rendered":"<p class=\"excerpt\">Esta ma\u00f1ana, mientras el gu\u00eda tur\u00edstico, Marcelo Quipo, transitaba por la carretera Baeza-Cosanga, en la provincia de Napo, se encontr\u00f3 con un c\u00f3ndor. Al reconocer a esta especie emblem\u00e1tica, el ciudadano se contact\u00f3 inmediatamente con los Bomberos de Baeza y personal de la Unidad de Protecci\u00f3n del Medio Ambiente (UPMA) de la Polic\u00eda Nacional. Los funcionarios movilizaron al ave hasta&hellip; <a href=\"https:\/\/www.ambienteyenergia.gob.ec\/ambiente\/condor-juvenil-quipo-es-rescatado-en-napo\/\">Read more &rarr;<\/a><\/p>\n","protected":false},"author":13,"featured_media":19936,"comment_status":"open","ping_status":"open","sticky":false,"template":"","format":"standard","meta":{"footnotes":""},"categories":[16,4],"tags":[352,108,53,496],"class_list":["post-20091","post","type-post","status-publish","format-standard","has-post-thumbnail","hentry","category-comunicamos","category-noticias","tag-condor","tag-lorena-tapia","tag-mae","tag-ministerio-del-ambente","xfolkentry"],"_links":{"self":[{"href":"https:\/\/www.ambienteyenergia.gob.ec\/ambiente\/wp-json\/wp\/v2\/posts\/20091","targetHints":{"allow":["GET"]}}],"collection":[{"href":"https:\/\/www.ambienteyenergia.gob.ec\/ambiente\/wp-json\/wp\/v2\/posts"}],"about":[{"href":"https:\/\/www.ambienteyenergia.gob.ec\/ambiente\/wp-json\/wp\/v2\/types\/post"}],"author":[{"embeddable":true,"href":"https:\/\/www.ambienteyenergia.gob.ec\/ambiente\/wp-json\/wp\/v2\/users\/13"}],"replies":[{"embeddable":true,"href":"https:\/\/www.ambienteyenergia.gob.ec\/ambiente\/wp-json\/wp\/v2\/comments?post=20091"}],"version-history":[{"count":0,"href":"https:\/\/www.ambienteyenergia.gob.ec\/ambiente\/wp-json\/wp\/v2\/posts\/20091\/revisions"}],"wp:featuredmedia":[{"embeddable":true,"href":"https:\/\/www.ambienteyenergia.gob.ec\/ambiente\/wp-json\/wp\/v2\/media\/19936"}],"wp:attachment":[{"href":"https:\/\/www.ambienteyenergia.gob.ec\/ambiente\/wp-json\/wp\/v2\/media?parent=20091"}],"wp:term":[{"taxonomy":"category","embeddable":true,"href":"https:\/\/www.ambienteyenergia.gob.ec\/ambiente\/wp-json\/wp\/v2\/categories?post=20091"},{"taxonomy":"post_tag","embeddable":true,"href":"https:\/\/www.ambienteyenergia.gob.ec\/ambiente\/wp-json\/wp\/v2\/tags?post=20091"}],"curies":[{"name":"wp","href":"https:\/\/api.w.org\/{rel}","templated":true}]}}