{"id":20087,"date":"2014-05-15T16:07:04","date_gmt":"2014-05-15T21:07:04","guid":{"rendered":"http:\/\/www.ambiente.gob.ec\/?p=20087"},"modified":"2014-05-15T16:07:04","modified_gmt":"2014-05-15T21:07:04","slug":"mae-realiza-taller-sobre-plan-nacional-de-restauracion-forestal","status":"publish","type":"post","link":"https:\/\/www.ambienteyenergia.gob.ec\/ambiente\/mae-realiza-taller-sobre-plan-nacional-de-restauracion-forestal\/","title":{"rendered":"MAE realiza taller sobre Plan Nacional de Restauraci\u00f3n Forestal"},"content":{"rendered":"<p style=\"text-align: justify;\">El Ministerio del Ambiente (MAE) realiz\u00f3 el taller \u201cCoordinaci\u00f3n para la aplicaci\u00f3n del Plan Nacional de Restauraci\u00f3n Forestal y fijaci\u00f3n de metas provinciales al 2017\u201d, en el el auditorio del Instituto de Postgrado de la Universidad T\u00e9cnica del Norte, con la participaci\u00f3n de Directores Provinciales de la Zona 1, Subsecretario de Patrimonio Natural, Equipo del Programa Nacional de Incentivos Socio Bosque y Programa Nacional de Restauraci\u00f3n Forestal y t\u00e9cnicos de Patrimonio Natural.<\/p>\n<p>En el taller se socializaron temas sobre la Pol\u00edtica de Gobernanza de Patrimonio Natural para la Sociedad de Buen Vivir 2014-2017, Estrategia Nacional de Incentivos Socio Bosque, el nuevo enfoque del Plan Nacional de Restauraci\u00f3n Forestal, adem\u00e1s de analizar las ventajas, desventajas y oportunidades que presenta este cambio, logrando definir las metas y el rol de las Direcciones Provinciales dentro del Plan Nacional de Restauraci\u00f3n Forestal.<\/p>\n","protected":false},"excerpt":{"rendered":"<p class=\"excerpt\">El Ministerio del Ambiente (MAE) realiz\u00f3 el taller \u201cCoordinaci\u00f3n para la aplicaci\u00f3n del Plan Nacional de Restauraci\u00f3n Forestal y fijaci\u00f3n de metas provinciales al 2017\u201d, en el el auditorio del Instituto de Postgrado de la Universidad T\u00e9cnica del Norte, con la participaci\u00f3n de Directores Provinciales de la Zona 1, Subsecretario de Patrimonio Natural, Equipo del Programa Nacional de Incentivos Socio&hellip; <a href=\"https:\/\/www.ambienteyenergia.gob.ec\/ambiente\/mae-realiza-taller-sobre-plan-nacional-de-restauracion-forestal\/\">Read more &rarr;<\/a><\/p>\n","protected":false},"author":13,"featured_media":20088,"comment_status":"open","ping_status":"open","sticky":false,"template":"","format":"standard","meta":{"footnotes":""},"categories":[16,4],"tags":[],"class_list":["post-20087","post","type-post","status-publish","format-standard","has-post-thumbnail","hentry","category-comunicamos","category-noticias","xfolkentry"],"_links":{"self":[{"href":"https:\/\/www.ambienteyenergia.gob.ec\/ambiente\/wp-json\/wp\/v2\/posts\/20087","targetHints":{"allow":["GET"]}}],"collection":[{"href":"https:\/\/www.ambienteyenergia.gob.ec\/ambiente\/wp-json\/wp\/v2\/posts"}],"about":[{"href":"https:\/\/www.ambienteyenergia.gob.ec\/ambiente\/wp-json\/wp\/v2\/types\/post"}],"author":[{"embeddable":true,"href":"https:\/\/www.ambienteyenergia.gob.ec\/ambiente\/wp-json\/wp\/v2\/users\/13"}],"replies":[{"embeddable":true,"href":"https:\/\/www.ambienteyenergia.gob.ec\/ambiente\/wp-json\/wp\/v2\/comments?post=20087"}],"version-history":[{"count":0,"href":"https:\/\/www.ambienteyenergia.gob.ec\/ambiente\/wp-json\/wp\/v2\/posts\/20087\/revisions"}],"wp:featuredmedia":[{"embeddable":true,"href":"https:\/\/www.ambienteyenergia.gob.ec\/ambiente\/wp-json\/wp\/v2\/media\/20088"}],"wp:attachment":[{"href":"https:\/\/www.ambienteyenergia.gob.ec\/ambiente\/wp-json\/wp\/v2\/media?parent=20087"}],"wp:term":[{"taxonomy":"category","embeddable":true,"href":"https:\/\/www.ambienteyenergia.gob.ec\/ambiente\/wp-json\/wp\/v2\/categories?post=20087"},{"taxonomy":"post_tag","embeddable":true,"href":"https:\/\/www.ambienteyenergia.gob.ec\/ambiente\/wp-json\/wp\/v2\/tags?post=20087"}],"curies":[{"name":"wp","href":"https:\/\/api.w.org\/{rel}","templated":true}]}}