{"id":20081,"date":"2014-05-15T13:33:50","date_gmt":"2014-05-15T18:33:50","guid":{"rendered":"http:\/\/www.ambiente.gob.ec\/?p=20081"},"modified":"2014-05-15T13:33:50","modified_gmt":"2014-05-15T18:33:50","slug":"mae-declara-emergencia-ambiental-en-las-islas-galapagos-2","status":"publish","type":"post","link":"https:\/\/www.ambienteyenergia.gob.ec\/ambiente\/mae-declara-emergencia-ambiental-en-las-islas-galapagos-2\/","title":{"rendered":"MAE declara emergencia ambiental en las islas Gal\u00e1pagos"},"content":{"rendered":"<p style=\"text-align: justify;\"><em>La medida busca reforzar su capacidad para superar esta emergencia y minimizar impactos.<\/em><\/p>\n<p style=\"text-align: justify;\">Esta ma\u00f1ana, la Ministra del Ambiente del Ecuador, Lorena Tapia Nu\u00f1ez, emiti\u00f3 la resoluci\u00f3n No. 132 a trav\u00e9s de la cual declara en emergencia ambiental a la Reserva Marina de Gal\u00e1pagos, espec\u00edficamente en el \u00e1rea afectada por el varamiento y posible naufragio del buque de carga Galapaface I, a fin de ejecutar las medidas necesarias y oportunas, tendientes a la mitigaci\u00f3n de impactos, rehabilitaci\u00f3n y mantenimiento de los ecosistemas marinos y costeros, ante el posible da\u00f1o ambiental que podr\u00eda desencadenar el siniestro.<\/p>\n<p style=\"text-align: justify;\">En la misma resoluci\u00f3n, la autoridad ambiental dispuso a la Direcci\u00f3n del Parque Nacional Gal\u00e1pagos (DPNG) la ejecuci\u00f3n de los planes y medidas de acci\u00f3n necesarias para superar esta emergencia, incluyendo la reducci\u00f3n de las causas que originan la posible afectaci\u00f3n ambiental y la mitigaci\u00f3n y reparaci\u00f3n de los da\u00f1os ocasionados al ecosistema.<\/p>\n<p style=\"text-align: justify;\">Esta declaratoria ambiental es correspondiente a la declaratoria de emergencia provincial emitida por la Secretar\u00eda Nacional de Gesti\u00f3n de Riesgos (SNGR), que acogi\u00f3 el pedido del Comit\u00e9 de Operaciones de Emergencia Provincial, y tendr\u00e1 una duraci\u00f3n de 180 d\u00edas, a partir de hoy. Sin embargo, el mayor riesgo fue minimizado tras la evacuaci\u00f3n del diesel y aceite de la embarcaci\u00f3n, sin ninguna afectaci\u00f3n a la Reserva Marina.<\/p>\n<p style=\"text-align: justify;\">Los t\u00e9cnicos de la DPNG y de la SNGR coordinan los planes de acci\u00f3n a ejecutar que incluyen el retiro de la carga, especialmente productos qu\u00edmicos y peligros; seguimiento y control al proceso de evacuaci\u00f3n de aguas de sentina y recolecci\u00f3n de desechos antes, durante y despu\u00e9s del desvaramiento; monitoreo y seguimiento al traslado de la embarcaci\u00f3n hasta su salida de la Reserva Marina de Gal\u00e1pagos; y monitoreo y evaluaci\u00f3n ecol\u00f3gica del \u00e1rea afectada.<\/p>\n<p style=\"text-align: justify;\">El Galapaface I, encall\u00f3 mientras sal\u00eda de la bah\u00eda de Puerto Baquerizo Moreno, isla San Crist\u00f3bal, el pasado 9 de mayo con 19 mil galones de di\u00e9sel en sus tanques de almacenamiento y m\u00e1s de mil toneladas de carga. Las acciones ejecutadas inicialmente desde el Comit\u00e9 de Operaciones de Emergencia Cantonal y posteriormente Provincial, permitieron el desembarque del combustible, reduciendo significativamente el riesgo ambiental que este varamiento representa.<\/p>\n<p style=\"text-align: justify;\">El Ministerio del Ambiente, basado en sus competencias y a la normativa legal que protege los derechos de la naturaleza consagrados en la Constituci\u00f3n; haciendo prevalecer al principio precautelatorio declar\u00f3 la emergencia ambiental en las islas.<\/p>\n","protected":false},"excerpt":{"rendered":"<p class=\"excerpt\">La medida busca reforzar su capacidad para superar esta emergencia y minimizar impactos. Esta ma\u00f1ana, la Ministra del Ambiente del Ecuador, Lorena Tapia Nu\u00f1ez, emiti\u00f3 la resoluci\u00f3n No. 132 a trav\u00e9s de la cual declara en emergencia ambiental a la Reserva Marina de Gal\u00e1pagos, espec\u00edficamente en el \u00e1rea afectada por el varamiento y posible naufragio del buque de carga Galapaface&hellip; <a href=\"https:\/\/www.ambienteyenergia.gob.ec\/ambiente\/mae-declara-emergencia-ambiental-en-las-islas-galapagos-2\/\">Read more &rarr;<\/a><\/p>\n","protected":false},"author":13,"featured_media":20048,"comment_status":"open","ping_status":"open","sticky":false,"template":"","format":"standard","meta":{"footnotes":""},"categories":[16,4],"tags":[492,56,197,108,53],"class_list":["post-20081","post","type-post","status-publish","format-standard","has-post-thumbnail","hentry","category-comunicamos","category-noticias","tag-galapaface","tag-galapagos","tag-islas-galapagos","tag-lorena-tapia","tag-mae","xfolkentry"],"_links":{"self":[{"href":"https:\/\/www.ambienteyenergia.gob.ec\/ambiente\/wp-json\/wp\/v2\/posts\/20081","targetHints":{"allow":["GET"]}}],"collection":[{"href":"https:\/\/www.ambienteyenergia.gob.ec\/ambiente\/wp-json\/wp\/v2\/posts"}],"about":[{"href":"https:\/\/www.ambienteyenergia.gob.ec\/ambiente\/wp-json\/wp\/v2\/types\/post"}],"author":[{"embeddable":true,"href":"https:\/\/www.ambienteyenergia.gob.ec\/ambiente\/wp-json\/wp\/v2\/users\/13"}],"replies":[{"embeddable":true,"href":"https:\/\/www.ambienteyenergia.gob.ec\/ambiente\/wp-json\/wp\/v2\/comments?post=20081"}],"version-history":[{"count":0,"href":"https:\/\/www.ambienteyenergia.gob.ec\/ambiente\/wp-json\/wp\/v2\/posts\/20081\/revisions"}],"wp:featuredmedia":[{"embeddable":true,"href":"https:\/\/www.ambienteyenergia.gob.ec\/ambiente\/wp-json\/wp\/v2\/media\/20048"}],"wp:attachment":[{"href":"https:\/\/www.ambienteyenergia.gob.ec\/ambiente\/wp-json\/wp\/v2\/media?parent=20081"}],"wp:term":[{"taxonomy":"category","embeddable":true,"href":"https:\/\/www.ambienteyenergia.gob.ec\/ambiente\/wp-json\/wp\/v2\/categories?post=20081"},{"taxonomy":"post_tag","embeddable":true,"href":"https:\/\/www.ambienteyenergia.gob.ec\/ambiente\/wp-json\/wp\/v2\/tags?post=20081"}],"curies":[{"name":"wp","href":"https:\/\/api.w.org\/{rel}","templated":true}]}}