{"id":20077,"date":"2014-05-15T13:25:04","date_gmt":"2014-05-15T18:25:04","guid":{"rendered":"http:\/\/www.ambiente.gob.ec\/?p=20077"},"modified":"2014-05-15T13:25:04","modified_gmt":"2014-05-15T18:25:04","slug":"mae-realiza-cuarto-taller-de-la-estrategia-nacional-de-biodiversidad","status":"publish","type":"post","link":"https:\/\/www.ambienteyenergia.gob.ec\/ambiente\/mae-realiza-cuarto-taller-de-la-estrategia-nacional-de-biodiversidad\/","title":{"rendered":"MAE realiza Cuarto Taller de la Estrategia Nacional de Biodiversidad"},"content":{"rendered":"<p style=\"text-align: justify;\">Hoy, el Ministerio del Ambiente (MAE), a trav\u00e9s de la Subsecretar\u00eda de Patrimonio Natural, realiz\u00f3 el cuarto taller de di\u00e1logo ciudadano en el marco de la actualizaci\u00f3n de la Estrategia Nacional de Biodiversidad y su Plan de Acci\u00f3n 2014-2020 (ENBPA). La cita tiene como objetivo proponer acciones relevantes para la gesti\u00f3n de la biodiversidad, articuladas territorialmente a las prioridades establecidas en la Agenda de la Zona 2 de Planificaci\u00f3n, donde se incluyen las provincias de Pichincha (excepto el DMQ), Napo y Orellana.<\/p>\n<p style=\"text-align: justify;\">Durante el encuentro se debaten tem\u00e1ticas tales como la valoraci\u00f3n de la biodiversidad, la protecci\u00f3n y restauraci\u00f3n de ecosistemas, el uso sostenible de la biodiversidad y la gesti\u00f3n del conocimiento. Cabe se\u00f1alar que la ENBPA es coordinada por un comit\u00e9 interinstitucional conformado por esta Cartera de Estado, la Secretar\u00eda Nacional de Planificaci\u00f3n y Desarrollo (SENPLADES), el Ministerio Coordinador de Sectores Estrat\u00e9gicos (MICSE), el Ministerio Coordinador de Conocimiento y Talento Humano (MCCTH), Ministerio Coordinador de Pol\u00edtica Econ\u00f3mica (MCPE) y el Ministerio de Finanzas, con el apoyo del Programa de las Naciones Unidas para el Desarrollo (PNUD) como agencia del Fondo para el Medio Ambiente Mundial.<\/p>\n<p style=\"text-align: justify;\">Los talleres zonales convocan a representantes de organizaciones sociales, ONG, sector acad\u00e9mico, gremios productivos y GAD provinciales. En este proceso de di\u00e1logo colaboran varias organizaciones como el Fondo Mundial para la Naturaleza (WWF), Conservaci\u00f3n Internacional (CI), Naturaleza y Cultura (NCI), The Nature Conservancy (TNC) y Rainforest Alliance (RFA).<\/p>\n<p style=\"text-align: justify;\">El Subsecretario de Patrimonio del MAE, Christian Ter\u00e1n, en nombre de la Ministra del Ambiente, Lorena Tapia, explic\u00f3 que esta Cartera de Estado busca una gesti\u00f3n sostenible de la biodiversidad que garantice los derechos de la naturaleza consagrados en la Constituci\u00f3n y sustente el cambio de la matriz productiva del pa\u00eds. La Estrategia Nacional de Biodiversidad del Ecuador busca, precisamente, potenciar el reconocimiento de la biodiversidad como recurso estrat\u00e9gico e incidir positivamente en las tendencias que ponen en riesgo la estabilidad y funcionamiento de los ecosistemas.<\/p>\n<p style=\"text-align: justify;\">El Ecuador suscribi\u00f3 el Convenio sobre la Diversidad Biol\u00f3gica en 1992. En base a este instrumento, en el 2001 el pa\u00eds elabor\u00f3 la Primera Estrategia Nacional de Biodiversidad que culmin\u00f3 en el a\u00f1o 2010. La nueva Estrategia se sustenta en una evaluaci\u00f3n de este primer ejercicio de planificaci\u00f3n de la biodiversidad e incorpora un plan de acci\u00f3n para el per\u00edodo 2014-2020, el mismo que ser\u00e1 presupuestado y financiado a trav\u00e9s de una estrategia de movilizaci\u00f3n de recursos.<\/p>\n<p style=\"text-align: justify;\">El MAE continuar\u00e1 con este ciclo de di\u00e1logos en todas las zonas de planificaci\u00f3n. Las ciudades en las que se realizar\u00e1n los siguientes talleres son Loja, Portoviejo, Cuenca, Ambato, entre otras.<\/p>\n<p style=\"text-align: justify;\"><strong>Sab\u00edas que<\/strong><\/p>\n<p style=\"text-align: justify;\">La Estrategia Nacional de Biodiversidad del Ecuador plantea contar hasta el 2030 con un inventario nacional de la biodiversidad y asegurar la conservaci\u00f3n de todos los grupos de plantas vasculares, vertebrados y macro-invertebrados terrestres y acu\u00e1ticos.<\/p>\n<p>&nbsp;<\/p>\n","protected":false},"excerpt":{"rendered":"<p class=\"excerpt\">Hoy, el Ministerio del Ambiente (MAE), a trav\u00e9s de la Subsecretar\u00eda de Patrimonio Natural, realiz\u00f3 el cuarto taller de di\u00e1logo ciudadano en el marco de la actualizaci\u00f3n de la Estrategia Nacional de Biodiversidad y su Plan de Acci\u00f3n 2014-2020 (ENBPA). La cita tiene como objetivo proponer acciones relevantes para la gesti\u00f3n de la biodiversidad, articuladas territorialmente a las prioridades establecidas&hellip; <a href=\"https:\/\/www.ambienteyenergia.gob.ec\/ambiente\/mae-realiza-cuarto-taller-de-la-estrategia-nacional-de-biodiversidad\/\">Read more &rarr;<\/a><\/p>\n","protected":false},"author":13,"featured_media":20078,"comment_status":"open","ping_status":"open","sticky":false,"template":"","format":"standard","meta":{"footnotes":""},"categories":[16,4],"tags":[403,108,53,54],"class_list":["post-20077","post","type-post","status-publish","format-standard","has-post-thumbnail","hentry","category-comunicamos","category-noticias","tag-biodiversidad","tag-lorena-tapia","tag-mae","tag-ministerio-del-ambiente","xfolkentry"],"_links":{"self":[{"href":"https:\/\/www.ambienteyenergia.gob.ec\/ambiente\/wp-json\/wp\/v2\/posts\/20077","targetHints":{"allow":["GET"]}}],"collection":[{"href":"https:\/\/www.ambienteyenergia.gob.ec\/ambiente\/wp-json\/wp\/v2\/posts"}],"about":[{"href":"https:\/\/www.ambienteyenergia.gob.ec\/ambiente\/wp-json\/wp\/v2\/types\/post"}],"author":[{"embeddable":true,"href":"https:\/\/www.ambienteyenergia.gob.ec\/ambiente\/wp-json\/wp\/v2\/users\/13"}],"replies":[{"embeddable":true,"href":"https:\/\/www.ambienteyenergia.gob.ec\/ambiente\/wp-json\/wp\/v2\/comments?post=20077"}],"version-history":[{"count":0,"href":"https:\/\/www.ambienteyenergia.gob.ec\/ambiente\/wp-json\/wp\/v2\/posts\/20077\/revisions"}],"wp:featuredmedia":[{"embeddable":true,"href":"https:\/\/www.ambienteyenergia.gob.ec\/ambiente\/wp-json\/wp\/v2\/media\/20078"}],"wp:attachment":[{"href":"https:\/\/www.ambienteyenergia.gob.ec\/ambiente\/wp-json\/wp\/v2\/media?parent=20077"}],"wp:term":[{"taxonomy":"category","embeddable":true,"href":"https:\/\/www.ambienteyenergia.gob.ec\/ambiente\/wp-json\/wp\/v2\/categories?post=20077"},{"taxonomy":"post_tag","embeddable":true,"href":"https:\/\/www.ambienteyenergia.gob.ec\/ambiente\/wp-json\/wp\/v2\/tags?post=20077"}],"curies":[{"name":"wp","href":"https:\/\/api.w.org\/{rel}","templated":true}]}}