{"id":20076,"date":"2014-05-15T14:50:36","date_gmt":"2014-05-15T19:50:36","guid":{"rendered":"http:\/\/www.ambiente.gob.ec\/?p=20076"},"modified":"2014-05-15T14:50:36","modified_gmt":"2014-05-15T19:50:36","slug":"estudiantes-secundarios-celebraron-el-dia-mundial-de-aves-migratorias","status":"publish","type":"post","link":"https:\/\/www.ambienteyenergia.gob.ec\/ambiente\/estudiantes-secundarios-celebraron-el-dia-mundial-de-aves-migratorias\/","title":{"rendered":"Estudiantes secundarios celebraron el d\u00eda mundial de aves migratorias"},"content":{"rendered":"<p style=\"text-align: justify;\">El Ministerio del Ambiente (MAE), a trav\u00e9s de la Direcci\u00f3n Provincial del Ambiente de Manab\u00ed, realiz\u00f3 el evento \u00abConsolidando Alianzas por un vuelo de Vida\u00bb con la intervenci\u00f3n de funcionarios del Refugio de Vida Silvestre y Marino Costera Pacoche, en el marco\u00a0 de la conmemoraci\u00f3n del d\u00eda mundial de aves migratorias.<\/p>\n<p style=\"text-align: justify;\">\nEn el programa que se desarroll\u00f3 en el \u00e1rea protegida, participaron estudiantes del Colegio T\u00e9cnico San Lorenzo del Cant\u00f3n Manta, Voluntarios de Servicio Civil Ciudadano, Autoridades locales y docentes, adem\u00e1s de decenas de turistas que visitan la playa.\u00a0 Este lugar es muy visitado por nacionales y extranjeros atra\u00eddos por la gran cantidad de aves que se pueden observar en esta \u00e9poca del a\u00f1o.<\/p>\n<p style=\"text-align: justify;\">\nDe acuerdo a monitoreos realizados por t\u00e9cnicos del Refugio de Vida Silvestre y Marino Costera Pacoche\u00a0 la mayor\u00eda de las aves migratorias que llegan al pa\u00eds, son visitantes en estado no reproductivo que vienen desde Norteam\u00e9rica.<\/p>\n<p style=\"text-align: justify;\">\nEs por tal motivo que el MAE promueve la protecci\u00f3n de los ecosistemas, que reune a tres tipos de aves migratorias: Boreales (cerceta aliazul), Australes (gavil\u00e1n) e Intratropicales (gaviota).<\/p>\n<p style=\"text-align: justify;\">\nDurante el evento se realizaron juegos y actividades din\u00e1micas educativas que fueron enfocadas a la educaci\u00f3n y comunicaci\u00f3n ambiental. La celebraci\u00f3n de este d\u00eda mundial destaca los v\u00ednculos entre la conservaci\u00f3n de las aves migratorias, el desarrollo de las comunidades locales y el turismo de observaci\u00f3n de la vida silvestre, el mismo que est\u00e1 considerado un recurso tur\u00edstico local atractivo para visitantes de diferentes ciudades del mundo.<\/p>\n","protected":false},"excerpt":{"rendered":"<p class=\"excerpt\">El Ministerio del Ambiente (MAE), a trav\u00e9s de la Direcci\u00f3n Provincial del Ambiente de Manab\u00ed, realiz\u00f3 el evento \u00abConsolidando Alianzas por un vuelo de Vida\u00bb con la intervenci\u00f3n de funcionarios del Refugio de Vida Silvestre y Marino Costera Pacoche, en el marco\u00a0 de la conmemoraci\u00f3n del d\u00eda mundial de aves migratorias. En el programa que se desarroll\u00f3 en el \u00e1rea&hellip; <a href=\"https:\/\/www.ambienteyenergia.gob.ec\/ambiente\/estudiantes-secundarios-celebraron-el-dia-mundial-de-aves-migratorias\/\">Read more &rarr;<\/a><\/p>\n","protected":false},"author":13,"featured_media":20083,"comment_status":"open","ping_status":"open","sticky":false,"template":"","format":"standard","meta":{"footnotes":""},"categories":[16,4],"tags":[],"class_list":["post-20076","post","type-post","status-publish","format-standard","has-post-thumbnail","hentry","category-comunicamos","category-noticias","xfolkentry"],"_links":{"self":[{"href":"https:\/\/www.ambienteyenergia.gob.ec\/ambiente\/wp-json\/wp\/v2\/posts\/20076","targetHints":{"allow":["GET"]}}],"collection":[{"href":"https:\/\/www.ambienteyenergia.gob.ec\/ambiente\/wp-json\/wp\/v2\/posts"}],"about":[{"href":"https:\/\/www.ambienteyenergia.gob.ec\/ambiente\/wp-json\/wp\/v2\/types\/post"}],"author":[{"embeddable":true,"href":"https:\/\/www.ambienteyenergia.gob.ec\/ambiente\/wp-json\/wp\/v2\/users\/13"}],"replies":[{"embeddable":true,"href":"https:\/\/www.ambienteyenergia.gob.ec\/ambiente\/wp-json\/wp\/v2\/comments?post=20076"}],"version-history":[{"count":0,"href":"https:\/\/www.ambienteyenergia.gob.ec\/ambiente\/wp-json\/wp\/v2\/posts\/20076\/revisions"}],"wp:featuredmedia":[{"embeddable":true,"href":"https:\/\/www.ambienteyenergia.gob.ec\/ambiente\/wp-json\/wp\/v2\/media\/20083"}],"wp:attachment":[{"href":"https:\/\/www.ambienteyenergia.gob.ec\/ambiente\/wp-json\/wp\/v2\/media?parent=20076"}],"wp:term":[{"taxonomy":"category","embeddable":true,"href":"https:\/\/www.ambienteyenergia.gob.ec\/ambiente\/wp-json\/wp\/v2\/categories?post=20076"},{"taxonomy":"post_tag","embeddable":true,"href":"https:\/\/www.ambienteyenergia.gob.ec\/ambiente\/wp-json\/wp\/v2\/tags?post=20076"}],"curies":[{"name":"wp","href":"https:\/\/api.w.org\/{rel}","templated":true}]}}