{"id":20069,"date":"2014-05-15T12:20:18","date_gmt":"2014-05-15T17:20:18","guid":{"rendered":"http:\/\/www.ambiente.gob.ec\/?p=20069"},"modified":"2014-06-06T14:17:48","modified_gmt":"2014-06-06T19:17:48","slug":"campana-cuaderno-reciclado-arbol-no-cortado-capacito-a-24-establecimientos-educativos-de-quito","status":"publish","type":"post","link":"https:\/\/www.ambienteyenergia.gob.ec\/ambiente\/campana-cuaderno-reciclado-arbol-no-cortado-capacito-a-24-establecimientos-educativos-de-quito\/","title":{"rendered":"Campa\u00f1a &#8216;Cuaderno Reciclado, \u00c1rbol no Cortado&#8217; capacit\u00f3 a 24 establecimientos educativos de Quito"},"content":{"rendered":"<p style=\"text-align: justify;\">El Ministerio del Ambiente del Ecuador (MAE), a trav\u00e9s del Proyecto de Educaci\u00f3n Ambiental Ciudadana Somos parte de la Soluci\u00f3n, present\u00f3 el 27 de enero de 2014, por el D\u00eda de la Educaci\u00f3n Ambiental, la campa\u00f1a &#8216;Cuaderno Reciclado, \u00c1rbol no Cortado&#8217;, como parte de una iniciativa nacional que busca crear una cultura de prevenci\u00f3n, as\u00ed como, fomentar la responsabilidad que cada individuo tiene en la gesti\u00f3n ambiental, promoviendo la reducci\u00f3n en la tala de \u00e1rboles.<\/p>\n<p style=\"text-align: justify;\">Esta campa\u00f1a refuerza de forma pr\u00e1ctica las actividades realizadas por el componente Red Guardianes del Planeta, que tiene como objetivo contribuir a la valoraci\u00f3n y respeto del ambiente a partir de actividades l\u00fadicas \u2013 pedag\u00f3gicas aplicadas a ni\u00f1os y ni\u00f1as de educaci\u00f3n b\u00e1sica de las instituciones educativas a nivel nacional.<\/p>\n<p style=\"text-align: justify;\">Si bien, la propuesta se origin\u00f3 en el Distrito Metropolitano de Quito, se extender\u00e1 a nivel nacional, con el prop\u00f3sito de sensibilizar y crear conciencia sobre el uso racional de recursos naturales (\u00e1rboles, agua, energ\u00eda) de manera que sean ejemplo de un cambio generacional.<\/p>\n<p style=\"text-align: justify;\">Adem\u00e1s de las jornadas de educaci\u00f3n ambiental, se efectu\u00f3 una campa\u00f1a de recolecci\u00f3n de cuadernos, en cada una de las instituciones pertenecientes a la Red Guardianes del Planeta. Esta Cartera de Estado mediante un acuerdo con el Gestor Ambiental RECICLAR facilit\u00f3 la recolecci\u00f3n de los cuadernos, para su transformaci\u00f3n en materia prima evitando de esta manera, la utilizaci\u00f3n de recursos naturales nuevos.<\/p>\n<p style=\"text-align: justify;\">El Ministerio del Ambiente del Ecuador, reconoce el compromiso de las escuelas y colegios del Distrito Metropolitano de Quito, por promover buenas pr\u00e1cticas ambientales dentro de sus instituciones y seguir sumando esfuerzos para el mejoramiento de la calidad de vida de los ecuatorianos, a trav\u00e9s de la conservaci\u00f3n de los recursos naturales.<\/p>\n<p style=\"text-align: justify;\">Luego de este proceso, la Red Guardianes del Planeta entreg\u00f3 varios kits ambientales \u201cSembrando Vida\u201d, que contienen 20 plantas medicinales ( romero, cedr\u00f3n, toronjil, or\u00e9gano, menta, ruda, albaca, hierba luisa), herramientas de jardiner\u00eda (pala, azad\u00f3n, tijera de podar, rastrillo, regadera) y m\u00e1s elementos que ser\u00e1n utilizados para beneficio de la instituci\u00f3n. Las plantas ser\u00e1n sembradas en un huerto escolar, que busca fomentar la importancia de las plantas medicinales como un saber educativo y un saber ancestral.<\/p>\n<p style=\"text-align: justify;\">En este proyecto impulsado por el MAE participaron 24 establecimientos educativos, que recolectaron 14,2 toneladas de cuadernos y se estima que se conservaron alrededor de 242 \u00e1rboles. Estos resultados dan cuenta del compromiso de las escuelas y colegios del DMQ para seguir sumando esfuerzos encaminados al mejoramiento de la calidad de vida, a trav\u00e9s de la conservaci\u00f3n de los recursos naturales. Gracias a este apoyo se logr\u00f3 cumplir con las metas planeadas a inicio de la campa\u00f1a.<\/p>\n","protected":false},"excerpt":{"rendered":"<p class=\"excerpt\">El Ministerio del Ambiente del Ecuador (MAE), a trav\u00e9s del Proyecto de Educaci\u00f3n Ambiental Ciudadana Somos parte de la Soluci\u00f3n, present\u00f3 el 27 de enero de 2014, por el D\u00eda de la Educaci\u00f3n Ambiental, la campa\u00f1a &#8216;Cuaderno Reciclado, \u00c1rbol no Cortado&#8217;, como parte de una iniciativa nacional que busca crear una cultura de prevenci\u00f3n, as\u00ed como, fomentar la responsabilidad que&hellip; <a href=\"https:\/\/www.ambienteyenergia.gob.ec\/ambiente\/campana-cuaderno-reciclado-arbol-no-cortado-capacito-a-24-establecimientos-educativos-de-quito\/\">Read more &rarr;<\/a><\/p>\n","protected":false},"author":13,"featured_media":20070,"comment_status":"open","ping_status":"open","sticky":false,"template":"","format":"standard","meta":{"footnotes":""},"categories":[16,4],"tags":[],"class_list":["post-20069","post","type-post","status-publish","format-standard","has-post-thumbnail","hentry","category-comunicamos","category-noticias","xfolkentry"],"_links":{"self":[{"href":"https:\/\/www.ambienteyenergia.gob.ec\/ambiente\/wp-json\/wp\/v2\/posts\/20069","targetHints":{"allow":["GET"]}}],"collection":[{"href":"https:\/\/www.ambienteyenergia.gob.ec\/ambiente\/wp-json\/wp\/v2\/posts"}],"about":[{"href":"https:\/\/www.ambienteyenergia.gob.ec\/ambiente\/wp-json\/wp\/v2\/types\/post"}],"author":[{"embeddable":true,"href":"https:\/\/www.ambienteyenergia.gob.ec\/ambiente\/wp-json\/wp\/v2\/users\/13"}],"replies":[{"embeddable":true,"href":"https:\/\/www.ambienteyenergia.gob.ec\/ambiente\/wp-json\/wp\/v2\/comments?post=20069"}],"version-history":[{"count":0,"href":"https:\/\/www.ambienteyenergia.gob.ec\/ambiente\/wp-json\/wp\/v2\/posts\/20069\/revisions"}],"wp:featuredmedia":[{"embeddable":true,"href":"https:\/\/www.ambienteyenergia.gob.ec\/ambiente\/wp-json\/wp\/v2\/media\/20070"}],"wp:attachment":[{"href":"https:\/\/www.ambienteyenergia.gob.ec\/ambiente\/wp-json\/wp\/v2\/media?parent=20069"}],"wp:term":[{"taxonomy":"category","embeddable":true,"href":"https:\/\/www.ambienteyenergia.gob.ec\/ambiente\/wp-json\/wp\/v2\/categories?post=20069"},{"taxonomy":"post_tag","embeddable":true,"href":"https:\/\/www.ambienteyenergia.gob.ec\/ambiente\/wp-json\/wp\/v2\/tags?post=20069"}],"curies":[{"name":"wp","href":"https:\/\/api.w.org\/{rel}","templated":true}]}}