{"id":20067,"date":"2014-05-15T12:17:11","date_gmt":"2014-05-15T17:17:11","guid":{"rendered":"http:\/\/www.ambiente.gob.ec\/?p=20067"},"modified":"2014-05-15T12:17:11","modified_gmt":"2014-05-15T17:17:11","slug":"mae-inspecciona-carga-organica-a-bordo-de-la-motonave-galapaface-i","status":"publish","type":"post","link":"https:\/\/www.ambienteyenergia.gob.ec\/ambiente\/mae-inspecciona-carga-organica-a-bordo-de-la-motonave-galapaface-i\/","title":{"rendered":"MAE inspecciona carga org\u00e1nica a bordo de la motonave Galapaface I"},"content":{"rendered":"<p style=\"text-align: justify;\">Luego de que el pasado 9 de mayo, el barco de carga \u2018Galapaface I\u2019 se encallara en San Crist\u00f3bal, el Ministerio del Ambiente (MAE) tom\u00f3 acciones inmediatas junto al Comit\u00e9 de Operaciones de Emergencia (COE), superando as\u00ed el riesgo ambiental y centr\u00e1ndose en la evacuaci\u00f3n de la nave y el resto de productos en su interior.<\/p>\n<p style=\"text-align: justify;\">La mayor parte de la carga es org\u00e1nica, por lo que el MAE, a trav\u00e9s de la Agencia de Regulaci\u00f3n y Control de la Bioseguridad y Cuarentena para Gal\u00e1pagos (ABG), realiz\u00f3 la inspecci\u00f3n de los productos a bordo del barco, para retirarlos sin que haya ning\u00fan riesgo para el archipi\u00e9lago.<\/p>\n<p style=\"text-align: justify;\">Los productos org\u00e1nicos fueron transferidos a bordo de otro barco de carga que brind\u00f3 apoyo en este procedimiento. Muchos de ellos, se encontraban en mal estado debido a las altas temperaturas, el agua salada y el tiempo que llevan dentro de la embarcaci\u00f3n.<\/p>\n<p style=\"text-align: justify;\">\u00a0Debido a la emergencia el COE solicit\u00f3 dos barcos remolcadores desde la parte continental, los mismos que se sometieron a las inspecciones respectivas tanto en la parte superior de las embarcaciones como en sus cascos, esta actividad se ejecut\u00f3 sin interferir con las acciones de emergencia para las cuales fueron convocadas las motonaves.<\/p>\n<p style=\"text-align: justify;\">Durante las inspecciones, no se encontraron novedades y las embarcaciones estaban libres de especies introducidas tanto en la superficie como en el casco.<\/p>\n<p style=\"text-align: justify;\">El MAE doblega sus esfuerzos en esta situaci\u00f3n de emergencia para garantizar que no exista impacto en la biodiversidad de las islas.<\/p>\n","protected":false},"excerpt":{"rendered":"<p class=\"excerpt\">Luego de que el pasado 9 de mayo, el barco de carga \u2018Galapaface I\u2019 se encallara en San Crist\u00f3bal, el Ministerio del Ambiente (MAE) tom\u00f3 acciones inmediatas junto al Comit\u00e9 de Operaciones de Emergencia (COE), superando as\u00ed el riesgo ambiental y centr\u00e1ndose en la evacuaci\u00f3n de la nave y el resto de productos en su interior. La mayor parte de&hellip; <a href=\"https:\/\/www.ambienteyenergia.gob.ec\/ambiente\/mae-inspecciona-carga-organica-a-bordo-de-la-motonave-galapaface-i\/\">Read more &rarr;<\/a><\/p>\n","protected":false},"author":13,"featured_media":20048,"comment_status":"open","ping_status":"open","sticky":false,"template":"","format":"standard","meta":{"footnotes":""},"categories":[16,4],"tags":[],"class_list":["post-20067","post","type-post","status-publish","format-standard","has-post-thumbnail","hentry","category-comunicamos","category-noticias","xfolkentry"],"_links":{"self":[{"href":"https:\/\/www.ambienteyenergia.gob.ec\/ambiente\/wp-json\/wp\/v2\/posts\/20067","targetHints":{"allow":["GET"]}}],"collection":[{"href":"https:\/\/www.ambienteyenergia.gob.ec\/ambiente\/wp-json\/wp\/v2\/posts"}],"about":[{"href":"https:\/\/www.ambienteyenergia.gob.ec\/ambiente\/wp-json\/wp\/v2\/types\/post"}],"author":[{"embeddable":true,"href":"https:\/\/www.ambienteyenergia.gob.ec\/ambiente\/wp-json\/wp\/v2\/users\/13"}],"replies":[{"embeddable":true,"href":"https:\/\/www.ambienteyenergia.gob.ec\/ambiente\/wp-json\/wp\/v2\/comments?post=20067"}],"version-history":[{"count":0,"href":"https:\/\/www.ambienteyenergia.gob.ec\/ambiente\/wp-json\/wp\/v2\/posts\/20067\/revisions"}],"wp:featuredmedia":[{"embeddable":true,"href":"https:\/\/www.ambienteyenergia.gob.ec\/ambiente\/wp-json\/wp\/v2\/media\/20048"}],"wp:attachment":[{"href":"https:\/\/www.ambienteyenergia.gob.ec\/ambiente\/wp-json\/wp\/v2\/media?parent=20067"}],"wp:term":[{"taxonomy":"category","embeddable":true,"href":"https:\/\/www.ambienteyenergia.gob.ec\/ambiente\/wp-json\/wp\/v2\/categories?post=20067"},{"taxonomy":"post_tag","embeddable":true,"href":"https:\/\/www.ambienteyenergia.gob.ec\/ambiente\/wp-json\/wp\/v2\/tags?post=20067"}],"curies":[{"name":"wp","href":"https:\/\/api.w.org\/{rel}","templated":true}]}}