{"id":20061,"date":"2014-05-15T09:11:10","date_gmt":"2014-05-15T14:11:10","guid":{"rendered":"http:\/\/www.ambiente.gob.ec\/?p=20061"},"modified":"2014-05-15T09:11:10","modified_gmt":"2014-05-15T14:11:10","slug":"mae-conmemoro-el-dia-internacional-de-las-aves-migratorias-en-isla-santay","status":"publish","type":"post","link":"https:\/\/www.ambienteyenergia.gob.ec\/ambiente\/mae-conmemoro-el-dia-internacional-de-las-aves-migratorias-en-isla-santay\/","title":{"rendered":"MAE conmemor\u00f3 el D\u00eda Internacional de las Aves Migratorias en Isla Santay"},"content":{"rendered":"<p style=\"text-align: justify;\">Una jornada recreativa se vivi\u00f3 este fin de semana en Isla Santay, en conmemoraci\u00f3n al \u00b4D\u00eda Internacional de las Aves Migratorias\u00b4, denominado este a\u00f1o \u201cDestino Rutas A\u00e9reas: Aves Migratorias y Turismo\u201d. Esta actividad, que estuvo a cargo de la Subsecretar\u00eda de Gesti\u00f3n Marina y Costera (SGMC) del Ministerio del Ambiente (MAE), ten\u00eda como prop\u00f3sito concienciar a la sociedad sobre la necesidad de proteger los ecosistemas de las 306\u00a0 aves migratorias presentes en Ecuador, y a su vez, promover el desarrollo de las comunidades locales.<\/p>\n<p>La primera actividad llevada a cabo fue la navegaci\u00f3n en lancha, desde el Yatch Club Naval, ubicado en el Malec\u00f3n Sim\u00f3n Bol\u00edvar hacia la isla. Durante el recorrido funcionarios de esta Cartera del Estado, dieron a conocer los 10 humedales presentes en el pa\u00eds, entre ellos Santay.<\/p>\n<p>Al arribar a la isla, los visitantes fueron recibidos por los gu\u00edas comuneros, quienes realizaron preguntas sobre los temas tratados durante el recorrido. Como parte de esta din\u00e1mica, la SGMC entreg\u00f3 recuerdos a las personas que contestaron correctamente.<\/p>\n<p>Luego, los gu\u00edas dividieron a los participantes en grupos, para hacer un recorrido por los diferentes senderos ecotur\u00edsticos como la cocodrilera y caba\u00f1as de hospedaje, que estar\u00edan pr\u00f3ximas a su apertura.<\/p>\n<p>Varios turistas extranjeros que participaban del recorrido quedaron asombrados de la biodiversidad de especies que habitan en la isla. Adem\u00e1s, constataron la mejora en la calidad de vida de la poblaci\u00f3n.<\/p>\n<p>Las 56 familias que habitan Santay est\u00e1n agradecidas por la gesti\u00f3n que desempe\u00f1a la Ministra del Ambiente, Lorena Tapia y el Primer Mandatario, Rafael Correa, pues con su apoyo, se ha convertido a la isla en un sector tur\u00edstico sostenible. \u201cAntes, nuestra vida era dif\u00edcil, camin\u00e1bamos en el agua pero ahora todo ha se ha reformado. Gracias al actual presidente nosotros ya no sufrimos\u201d, manifest\u00f3 Benito Antonio Carral, presidente del Gremio de Pescadores Artesanales de Santay.<\/p>\n<p>Al culminar, la hora del recorrido las personas degustaron platos t\u00edpicos como seco de gallina criolla, ceviche mixto y corvina frita.<\/p>\n<p><strong>Datos importantes<\/strong><\/p>\n<p>En el pa\u00eds existen 1 800 especies de aves registradas, de las cuales 128 habitan en la isla y solo 13 son migratorias, entre ellas est\u00e1n la garcita roja, garceta azul, \u00e1guila pescadora, sacapito trinador, entre otras. Esta avifauna coloca al Ecuador como la cuarta naci\u00f3n en el mundo, en cuanto al n\u00famero m\u00e1s alto de especies de aves por terru\u00f1o.<\/p>\n<p>En todas las provincias del pa\u00eds se puede realizar un avistamiento de aves.<\/p>\n","protected":false},"excerpt":{"rendered":"<p class=\"excerpt\">Una jornada recreativa se vivi\u00f3 este fin de semana en Isla Santay, en conmemoraci\u00f3n al \u00b4D\u00eda Internacional de las Aves Migratorias\u00b4, denominado este a\u00f1o \u201cDestino Rutas A\u00e9reas: Aves Migratorias y Turismo\u201d. Esta actividad, que estuvo a cargo de la Subsecretar\u00eda de Gesti\u00f3n Marina y Costera (SGMC) del Ministerio del Ambiente (MAE), ten\u00eda como prop\u00f3sito concienciar a la sociedad sobre la&hellip; <a href=\"https:\/\/www.ambienteyenergia.gob.ec\/ambiente\/mae-conmemoro-el-dia-internacional-de-las-aves-migratorias-en-isla-santay\/\">Read more &rarr;<\/a><\/p>\n","protected":false},"author":13,"featured_media":20062,"comment_status":"open","ping_status":"open","sticky":false,"template":"","format":"standard","meta":{"footnotes":""},"categories":[16,4],"tags":[],"class_list":["post-20061","post","type-post","status-publish","format-standard","has-post-thumbnail","hentry","category-comunicamos","category-noticias","xfolkentry"],"_links":{"self":[{"href":"https:\/\/www.ambienteyenergia.gob.ec\/ambiente\/wp-json\/wp\/v2\/posts\/20061","targetHints":{"allow":["GET"]}}],"collection":[{"href":"https:\/\/www.ambienteyenergia.gob.ec\/ambiente\/wp-json\/wp\/v2\/posts"}],"about":[{"href":"https:\/\/www.ambienteyenergia.gob.ec\/ambiente\/wp-json\/wp\/v2\/types\/post"}],"author":[{"embeddable":true,"href":"https:\/\/www.ambienteyenergia.gob.ec\/ambiente\/wp-json\/wp\/v2\/users\/13"}],"replies":[{"embeddable":true,"href":"https:\/\/www.ambienteyenergia.gob.ec\/ambiente\/wp-json\/wp\/v2\/comments?post=20061"}],"version-history":[{"count":0,"href":"https:\/\/www.ambienteyenergia.gob.ec\/ambiente\/wp-json\/wp\/v2\/posts\/20061\/revisions"}],"wp:featuredmedia":[{"embeddable":true,"href":"https:\/\/www.ambienteyenergia.gob.ec\/ambiente\/wp-json\/wp\/v2\/media\/20062"}],"wp:attachment":[{"href":"https:\/\/www.ambienteyenergia.gob.ec\/ambiente\/wp-json\/wp\/v2\/media?parent=20061"}],"wp:term":[{"taxonomy":"category","embeddable":true,"href":"https:\/\/www.ambienteyenergia.gob.ec\/ambiente\/wp-json\/wp\/v2\/categories?post=20061"},{"taxonomy":"post_tag","embeddable":true,"href":"https:\/\/www.ambienteyenergia.gob.ec\/ambiente\/wp-json\/wp\/v2\/tags?post=20061"}],"curies":[{"name":"wp","href":"https:\/\/api.w.org\/{rel}","templated":true}]}}