{"id":20047,"date":"2014-05-14T16:14:07","date_gmt":"2014-05-14T21:14:07","guid":{"rendered":"http:\/\/www.ambiente.gob.ec\/?p=20047"},"modified":"2014-05-14T16:26:44","modified_gmt":"2014-05-14T21:26:44","slug":"coe-pide-a-la-sngr-declarar-en-emergencia-a-las-islas-galapagos","status":"publish","type":"post","link":"https:\/\/www.ambienteyenergia.gob.ec\/ambiente\/coe-pide-a-la-sngr-declarar-en-emergencia-a-las-islas-galapagos\/","title":{"rendered":"COE pide a la SNGR declarar en emergencia a las islas Gal\u00e1pagos"},"content":{"rendered":"<p style=\"text-align: justify;\"><i>Una vez superado el mayor riesgo ambiental, las acciones se centran en el salvataje de la nave. <\/i><\/p>\n<p style=\"text-align: justify;\">El Comit\u00e9 de Operaciones de Emergencia (COE) Provincial, del cual forma parte el Ministerio del Ambiente, a trav\u00e9s de la Direcci\u00f3n del Parque Nacional Gal\u00e1pagos (DPNG), decidi\u00f3 solicitar a la Secretaria Nacional de Riesgos, Mar\u00eda del Pilar Cornejo, declarar en emergencia a las islas Gal\u00e1pagos, en vista del estado cr\u00edtico del Galapaface I, encallado en San Crist\u00f3bal desde hace 5 d\u00edas.<\/p>\n<p style=\"text-align: justify;\">Aunque el mayor riesgo ambiental fue superado gracias a la evacuaci\u00f3n de los 19 mil galones de combustible que conten\u00eda el barco en los tanques de almacenamiento, la autoridad ambiental mantiene acordonada la zona del siniestro con barreras de contenci\u00f3n para agentes contaminantes que podr\u00edan verterse al mar producto de las maniobras.<\/p>\n<p style=\"text-align: justify;\">Ayer arribaron a San Crist\u00f3bal los remolcadores Antillen e Isla Santay, quienes contribuir\u00e1n en la estabilizaci\u00f3n del Galapaface I. Los remolcadores cumplieron con las exigencias de bioseguridad para su ingreso a la Reserva Marina de Gal\u00e1pagos. Los funcionarios de la Agencia de Regulaci\u00f3n y Control de la Bioseguridad y Cuarentena para Gal\u00e1pagos (ABG) y de la Direcci\u00f3n del Parque Nacional Gal\u00e1pagos realizaron la inspecci\u00f3n del casco y cubierta de la nave.<\/p>\n<p style=\"text-align: justify;\">Asimismo, el Ministerio de Ambiente dispuso la movilizaci\u00f3n de personal, tanto de la DPNG como de la ABG, de las diferentes islas hasta San Crist\u00f3bal, para intervenir ante cualquier eventualidad. En total suman 85 funcionarios de esta Cartera de Estado, divididos en grupos de trabajo los \u00a0que se encuentran, por ahora, monitoreando la zona las 24 horas del d\u00eda, a bordo de las lanchas r\u00e1pidas de la DPNG y asistiendo al personal que a\u00fan se encuentra a bordo de la nave, cuando es necesario.<\/p>\n<p style=\"text-align: justify;\">Asimismo, siguiendo con los lineamientos t\u00e9cnicos, se contin\u00faa con el desembarque de la carga. Se espera la llegada de una gr\u00faa con capacidad de 30 toneladas para agilizar el proceso.<\/p>\n","protected":false},"excerpt":{"rendered":"<p class=\"excerpt\">Una vez superado el mayor riesgo ambiental, las acciones se centran en el salvataje de la nave. El Comit\u00e9 de Operaciones de Emergencia (COE) Provincial, del cual forma parte el Ministerio del Ambiente, a trav\u00e9s de la Direcci\u00f3n del Parque Nacional Gal\u00e1pagos (DPNG), decidi\u00f3 solicitar a la Secretaria Nacional de Riesgos, Mar\u00eda del Pilar Cornejo, declarar en emergencia a las&hellip; <a href=\"https:\/\/www.ambienteyenergia.gob.ec\/ambiente\/coe-pide-a-la-sngr-declarar-en-emergencia-a-las-islas-galapagos\/\">Read more &rarr;<\/a><\/p>\n","protected":false},"author":13,"featured_media":20048,"comment_status":"open","ping_status":"open","sticky":false,"template":"","format":"standard","meta":{"footnotes":""},"categories":[16,4],"tags":[],"class_list":["post-20047","post","type-post","status-publish","format-standard","has-post-thumbnail","hentry","category-comunicamos","category-noticias","xfolkentry"],"_links":{"self":[{"href":"https:\/\/www.ambienteyenergia.gob.ec\/ambiente\/wp-json\/wp\/v2\/posts\/20047","targetHints":{"allow":["GET"]}}],"collection":[{"href":"https:\/\/www.ambienteyenergia.gob.ec\/ambiente\/wp-json\/wp\/v2\/posts"}],"about":[{"href":"https:\/\/www.ambienteyenergia.gob.ec\/ambiente\/wp-json\/wp\/v2\/types\/post"}],"author":[{"embeddable":true,"href":"https:\/\/www.ambienteyenergia.gob.ec\/ambiente\/wp-json\/wp\/v2\/users\/13"}],"replies":[{"embeddable":true,"href":"https:\/\/www.ambienteyenergia.gob.ec\/ambiente\/wp-json\/wp\/v2\/comments?post=20047"}],"version-history":[{"count":0,"href":"https:\/\/www.ambienteyenergia.gob.ec\/ambiente\/wp-json\/wp\/v2\/posts\/20047\/revisions"}],"wp:featuredmedia":[{"embeddable":true,"href":"https:\/\/www.ambienteyenergia.gob.ec\/ambiente\/wp-json\/wp\/v2\/media\/20048"}],"wp:attachment":[{"href":"https:\/\/www.ambienteyenergia.gob.ec\/ambiente\/wp-json\/wp\/v2\/media?parent=20047"}],"wp:term":[{"taxonomy":"category","embeddable":true,"href":"https:\/\/www.ambienteyenergia.gob.ec\/ambiente\/wp-json\/wp\/v2\/categories?post=20047"},{"taxonomy":"post_tag","embeddable":true,"href":"https:\/\/www.ambienteyenergia.gob.ec\/ambiente\/wp-json\/wp\/v2\/tags?post=20047"}],"curies":[{"name":"wp","href":"https:\/\/api.w.org\/{rel}","templated":true}]}}