{"id":20044,"date":"2014-05-14T15:48:27","date_gmt":"2014-05-14T20:48:27","guid":{"rendered":"http:\/\/www.ambiente.gob.ec\/?p=20044"},"modified":"2014-05-14T15:48:27","modified_gmt":"2014-05-14T20:48:27","slug":"guardianes-del-planeta-capacitaron-a-estudiantes-del-puyo","status":"publish","type":"post","link":"https:\/\/www.ambienteyenergia.gob.ec\/ambiente\/guardianes-del-planeta-capacitaron-a-estudiantes-del-puyo\/","title":{"rendered":"Guardianes del Planeta capacitaron a estudiantes del Puyo"},"content":{"rendered":"<p style=\"text-align: justify;\">El Ministerio del Ambiente (MAE) particip\u00f3 ayer, en la Feria de Ciencia y Tecnolog\u00eda en la Escuela Fray \u00c1lvaro Valladares, como parte de las festividades de los 115 a\u00f1os de fundaci\u00f3n de Puyo. El objetivo de esta Cartera de Estado fue sensibilizar a la ciudadan\u00eda de la provincia sobre el cuidado y manejo de los recursos naturales, as\u00ed como promover las buenas pr\u00e1cticas ambientales.<\/p>\n<p style=\"text-align: justify;\">En esta jornada de educaci\u00f3n ambiental, los personajes del Proyecto Red Guardianes del Planeta, realizaron varios juegos l\u00fadicos, en los que interactuaron con los estudiantes.<\/p>\n<p style=\"text-align: justify;\">Como parte de esta iniciativa, los guardianes del agua, de residuos, de patrimonio natural y de energ\u00eda dieron algunos conejos y recomendaciones f\u00e1ciles, pero que pueden ayudar a la conservaci\u00f3n del planeta. Entre ellos, no desperdiciar agua cuando se toma un ba\u00f1o, proteger la flora y fauna, evitar la quema de bosques y pastizales, ahorrar luz el\u00e9ctrica apagando y desconectando los aparatos que no est\u00e9n en uso y colocar la basura en su lugar.<\/p>\n<p style=\"text-align: justify;\">Este proyecto de educaci\u00f3n ambiental se enfoca en los m\u00e1s peque\u00f1os del hogar, que han demostrado ser los principales Guardianes del Planeta.<\/p>\n<p style=\"text-align: justify;\">\u00bfQu\u00e9 es la Red Guardianes del Planeta?<\/p>\n<p style=\"text-align: justify;\">\nLa Red Guardianes del Planeta (RGP) fue presentada el 26 de enero del a\u00f1o pasado, en conmemoraci\u00f3n del D\u00eda Mundial de la Educaci\u00f3n Ambiental, con el objetivo de formar ciudadanos y ciudadanas, que tengan la capacidad de proteger el ambiente y adoptar buenas pr\u00e1cticas ambientales.<\/p>\n<p style=\"text-align: justify;\">\nLa RGP ha tenido un impacto positivo en la adopci\u00f3n de buenas pr\u00e1cticas ambientales en la poblaci\u00f3n ecuatoriana, a trav\u00e9s de actividades innovadoras de conservaci\u00f3n del medio natural creando conciencia en docentes, ni\u00f1os y ni\u00f1as sobre el uso responsable de recursos naturales. En el a\u00f1o 2013, por ejemplo, sensibiliz\u00f3 a 23 213 ni\u00f1os con una cobertura nacional\u201d, ratific\u00f3 Andrade.<\/p>\n","protected":false},"excerpt":{"rendered":"<p class=\"excerpt\">El Ministerio del Ambiente (MAE) particip\u00f3 ayer, en la Feria de Ciencia y Tecnolog\u00eda en la Escuela Fray \u00c1lvaro Valladares, como parte de las festividades de los 115 a\u00f1os de fundaci\u00f3n de Puyo. El objetivo de esta Cartera de Estado fue sensibilizar a la ciudadan\u00eda de la provincia sobre el cuidado y manejo de los recursos naturales, as\u00ed como promover&hellip; <a href=\"https:\/\/www.ambienteyenergia.gob.ec\/ambiente\/guardianes-del-planeta-capacitaron-a-estudiantes-del-puyo\/\">Read more &rarr;<\/a><\/p>\n","protected":false},"author":13,"featured_media":20045,"comment_status":"open","ping_status":"open","sticky":false,"template":"","format":"standard","meta":{"footnotes":""},"categories":[16,4],"tags":[],"class_list":["post-20044","post","type-post","status-publish","format-standard","has-post-thumbnail","hentry","category-comunicamos","category-noticias","xfolkentry"],"_links":{"self":[{"href":"https:\/\/www.ambienteyenergia.gob.ec\/ambiente\/wp-json\/wp\/v2\/posts\/20044","targetHints":{"allow":["GET"]}}],"collection":[{"href":"https:\/\/www.ambienteyenergia.gob.ec\/ambiente\/wp-json\/wp\/v2\/posts"}],"about":[{"href":"https:\/\/www.ambienteyenergia.gob.ec\/ambiente\/wp-json\/wp\/v2\/types\/post"}],"author":[{"embeddable":true,"href":"https:\/\/www.ambienteyenergia.gob.ec\/ambiente\/wp-json\/wp\/v2\/users\/13"}],"replies":[{"embeddable":true,"href":"https:\/\/www.ambienteyenergia.gob.ec\/ambiente\/wp-json\/wp\/v2\/comments?post=20044"}],"version-history":[{"count":0,"href":"https:\/\/www.ambienteyenergia.gob.ec\/ambiente\/wp-json\/wp\/v2\/posts\/20044\/revisions"}],"wp:featuredmedia":[{"embeddable":true,"href":"https:\/\/www.ambienteyenergia.gob.ec\/ambiente\/wp-json\/wp\/v2\/media\/20045"}],"wp:attachment":[{"href":"https:\/\/www.ambienteyenergia.gob.ec\/ambiente\/wp-json\/wp\/v2\/media?parent=20044"}],"wp:term":[{"taxonomy":"category","embeddable":true,"href":"https:\/\/www.ambienteyenergia.gob.ec\/ambiente\/wp-json\/wp\/v2\/categories?post=20044"},{"taxonomy":"post_tag","embeddable":true,"href":"https:\/\/www.ambienteyenergia.gob.ec\/ambiente\/wp-json\/wp\/v2\/tags?post=20044"}],"curies":[{"name":"wp","href":"https:\/\/api.w.org\/{rel}","templated":true}]}}