{"id":20039,"date":"2014-05-14T13:51:11","date_gmt":"2014-05-14T18:51:11","guid":{"rendered":"http:\/\/www.ambiente.gob.ec\/?p=20039"},"modified":"2014-05-14T13:51:11","modified_gmt":"2014-05-14T18:51:11","slug":"nuevo-proyecto-de-manejo-de-paisajes-aportara-a-la-conservacion-de-19-especies-silvestres-en-peligro-de-extincion","status":"publish","type":"post","link":"https:\/\/www.ambienteyenergia.gob.ec\/ambiente\/nuevo-proyecto-de-manejo-de-paisajes-aportara-a-la-conservacion-de-19-especies-silvestres-en-peligro-de-extincion\/","title":{"rendered":"Nuevo proyecto de manejo de paisajes aportar\u00e1 a la conservaci\u00f3n de 19 especies silvestres en peligro de extinci\u00f3n"},"content":{"rendered":"<p style=\"text-align: justify;\">El Ministerio del Ambiente (MAE), a trav\u00e9s de la Subsecretar\u00eda de Patrimonio, present\u00f3 ayer, el proyecto &#8216;Desarrollo de enfoques de manejo de paisajes en el Sistema Nacional de \u00c1reas Protegidas del Ecuador para mejorar la conservaci\u00f3n de la vida silvestre en peligro de extinci\u00f3n mundial periodo de ejecuci\u00f3n 2014 &#8211; 2018&#8217;. Este programa representa un hito m\u00e1s en la gesti\u00f3n ambiental del pa\u00eds y un cambio de paradigma en la protecci\u00f3n de la vida silvestre.<\/p>\n<p>En su intervenci\u00f3n, el Subsecretario de Patrimonio del MAE, Christian Ter\u00e1n, en representaci\u00f3n de la Ministra del Ambiente, Lorena Tapia, enfatiz\u00f3 sobre la nueva visi\u00f3n del Gobierno Nacional en materia ambiental, la cual promueve un cuidado integral de los ecosistemas y recursos naturales con el fin de disminuir las presiones de estos espacios como la extinci\u00f3n de vida silvestre.<\/p>\n<p>Esta iniciativa impulsada por el Gobierno Nacional, liderada por el MAE y apoyada el Programa de las Naciones Unidas para el Desarrollo (PNUD) y el Fondo Mundial para el Medio Ambiente (GEF, por sus siglas en ingl\u00e9s), busca el mejoramiento de la vida silvestre a partir del cuidado y protecci\u00f3n de los paisajes, priorizando 19 especies focales entre las que est\u00e1n el jaguar (Panthera onca centralis y P. onca onca), ososde anteojos, Pecar\u00ed de labios blancos (Tayassu pecari aequatoris y T. pecari pecari), manat\u00ed, mono ara\u00f1a, mono chorongo, puma, tapir montano, tapir amaz\u00f3nico, zorro andino, gran guacamayo verde, caim\u00e1n negro, paiche piraruc\u00fa, c\u00f3ndor, pava barbuda y bandurria carinegra.<\/p>\n<p>El proyecto, que se alinea con el Plan Nacional del Buen Vivir, est\u00e1 enfocado en siete \u00e1reas protegidas, entre las que est\u00e1n el Parque Nacional Podocarpus, Parque Nacional Llanganates, Reserva Ecol\u00f3gica Cotacachi Cayapas, Reserva Ecol\u00f3gica Antisana, Reserva Ecol\u00f3gica El \u00c1ngel, Reserva Ecol\u00f3gica Cof\u00e1n Bermejo, Refugio de Vida Silvestre El Pambilar y sus zonas de amortiguamiento; fomentando una protecci\u00f3n integral de las especies animales y su h\u00e1bitat. Durante la implementaci\u00f3n del proyecto se prev\u00e9, adem\u00e1s, la integraci\u00f3n de actores locales con el fin de gestionar una sostenibilidad en la gesti\u00f3n de paisajes.<\/p>\n<p>Tras varios estudios, se determin\u00f3 que las amenazas a la fauna silvestre son la p\u00e9rdida y fragmentaci\u00f3n de h\u00e1bitats; cacer\u00eda y pesca no sostenibles; conflictos gente fauna y el tr\u00e1fico de fauna silvestre. Por ello, se van a establecer ocho sitios nuevos de control para mitigar el trafico de vida silvestre.<br \/>\n.<br \/>\nPor su parte, Diego Zorrilla, Coordinador Residente del Sistema de Naciones Unidas y Representante Residente del Programa de Naciones Unidas para el Desarrollo (PNUD), se\u00f1al\u00f3 el inter\u00e9s de su organizaci\u00f3n para apoyar a los procesos y pol\u00edticas p\u00fablicas ecuatorianas enfocadas a la conservaci\u00f3n. \u00abEl Ecuador est\u00e1 entre uno de los 17 pa\u00edses m\u00e1s megadiversos del mundo, existen 11 especies de animales por cada 100 km\u00b2 y gran parte de la vida silvestre se encuentra en las \u00e1reas protegidas y sus zonas de amortiguamiento, por eso, este proyecto es fundamental\u00bb. Seg\u00fan estad\u00edsticas del MAE, el GEF aportar\u00e1 con USD 4 millones 789 mil a este proyecto ecuatoriano.<\/p>\n<p>En cambio, Patricio L\u00f3pez, Director de Fomento Productivo del Consorcio de Gobiernos Aut\u00f3nomos Provinciales del Ecudor (CONGOPE), felicit\u00f3 la labor de esta Cartera de Estado y comprometi\u00f3 a los GAD a implementar procesos conjuntos con la Autoridad Ambiental con el prop\u00f3sito de controlar el tr\u00e1fico ilegal de vida silvestre y concienciar a la ciudadan\u00eda, mediante proyectos de educaci\u00f3n ambiental.<\/p>\n<p>Al evento oficial asistieron tambi\u00e9n Helen Negret, Asesora T\u00e9cnica Regiona del PNUD; Victor Utreras, Coordinador Nacional del\u00a0 Proyecto; y Francisco Prieto, Director de Biodiversidad del MAE.<\/p>\n","protected":false},"excerpt":{"rendered":"<p class=\"excerpt\">El Ministerio del Ambiente (MAE), a trav\u00e9s de la Subsecretar\u00eda de Patrimonio, present\u00f3 ayer, el proyecto &#8216;Desarrollo de enfoques de manejo de paisajes en el Sistema Nacional de \u00c1reas Protegidas del Ecuador para mejorar la conservaci\u00f3n de la vida silvestre en peligro de extinci\u00f3n mundial periodo de ejecuci\u00f3n 2014 &#8211; 2018&#8217;. Este programa representa un hito m\u00e1s en la gesti\u00f3n&hellip; <a href=\"https:\/\/www.ambienteyenergia.gob.ec\/ambiente\/nuevo-proyecto-de-manejo-de-paisajes-aportara-a-la-conservacion-de-19-especies-silvestres-en-peligro-de-extincion\/\">Read more &rarr;<\/a><\/p>\n","protected":false},"author":13,"featured_media":20041,"comment_status":"open","ping_status":"open","sticky":false,"template":"","format":"standard","meta":{"footnotes":""},"categories":[16,4],"tags":[],"class_list":["post-20039","post","type-post","status-publish","format-standard","has-post-thumbnail","hentry","category-comunicamos","category-noticias","xfolkentry"],"_links":{"self":[{"href":"https:\/\/www.ambienteyenergia.gob.ec\/ambiente\/wp-json\/wp\/v2\/posts\/20039","targetHints":{"allow":["GET"]}}],"collection":[{"href":"https:\/\/www.ambienteyenergia.gob.ec\/ambiente\/wp-json\/wp\/v2\/posts"}],"about":[{"href":"https:\/\/www.ambienteyenergia.gob.ec\/ambiente\/wp-json\/wp\/v2\/types\/post"}],"author":[{"embeddable":true,"href":"https:\/\/www.ambienteyenergia.gob.ec\/ambiente\/wp-json\/wp\/v2\/users\/13"}],"replies":[{"embeddable":true,"href":"https:\/\/www.ambienteyenergia.gob.ec\/ambiente\/wp-json\/wp\/v2\/comments?post=20039"}],"version-history":[{"count":0,"href":"https:\/\/www.ambienteyenergia.gob.ec\/ambiente\/wp-json\/wp\/v2\/posts\/20039\/revisions"}],"wp:featuredmedia":[{"embeddable":true,"href":"https:\/\/www.ambienteyenergia.gob.ec\/ambiente\/wp-json\/wp\/v2\/media\/20041"}],"wp:attachment":[{"href":"https:\/\/www.ambienteyenergia.gob.ec\/ambiente\/wp-json\/wp\/v2\/media?parent=20039"}],"wp:term":[{"taxonomy":"category","embeddable":true,"href":"https:\/\/www.ambienteyenergia.gob.ec\/ambiente\/wp-json\/wp\/v2\/categories?post=20039"},{"taxonomy":"post_tag","embeddable":true,"href":"https:\/\/www.ambienteyenergia.gob.ec\/ambiente\/wp-json\/wp\/v2\/tags?post=20039"}],"curies":[{"name":"wp","href":"https:\/\/api.w.org\/{rel}","templated":true}]}}