{"id":20036,"date":"2014-05-14T11:10:32","date_gmt":"2014-05-14T16:10:32","guid":{"rendered":"http:\/\/www.ambiente.gob.ec\/?p=20036"},"modified":"2014-05-14T11:10:32","modified_gmt":"2014-05-14T16:10:32","slug":"mae-entrego-certificados-de-promotores-ambientales-comunitarios-en-parroquias-de-la-provincia-de-pastaza","status":"publish","type":"post","link":"https:\/\/www.ambienteyenergia.gob.ec\/ambiente\/mae-entrego-certificados-de-promotores-ambientales-comunitarios-en-parroquias-de-la-provincia-de-pastaza\/","title":{"rendered":"MAE entreg\u00f3 certificados de promotores ambientales comunitarios en parroquias de la provincia de Pastaza"},"content":{"rendered":"<p style=\"text-align: justify;\">El Ministerio del Ambiente, a trav\u00e9s de la Direcci\u00f3n Provincial del Ambiente de Pastaza, realiz\u00f3 el acto de graduaci\u00f3n de Promotores Ambientales Comunitarios, en las parroquias de Madre Tierra y San Jos\u00e9.<\/p>\n<p>Durante el evento se entregaron 28 certificados a las personas que cumplieron un total de 80 horas acad\u00e9micas en el marco de los ecotalleres. Son 13 beneficiados de la parroquia Madre Tierra y 15 de la parroquia San Jos\u00e9.<\/p>\n<p>En su intevenci\u00f3n Pablo L\u00f3pez Freire, Director Provincial, se\u00f1al\u00f3 que esta Cartera de Estado est\u00e1 interesada en la comunidad, para que desde el nivel local, en coordinaci\u00f3n con la Direcci\u00f3n Provincial, vigilen y fomenten el cuidado y protecci\u00f3n ambiental.<\/p>\n<p>Magdalena Villafuerte, representante de los graduados en los ECOTALLERES, agradeci\u00f3 al MAE, por los conocimientos impartidos y asegur\u00f3 que este tipo de eventos potencializan la gesti\u00f3n del ambiente.<\/p>\n","protected":false},"excerpt":{"rendered":"<p class=\"excerpt\">El Ministerio del Ambiente, a trav\u00e9s de la Direcci\u00f3n Provincial del Ambiente de Pastaza, realiz\u00f3 el acto de graduaci\u00f3n de Promotores Ambientales Comunitarios, en las parroquias de Madre Tierra y San Jos\u00e9. Durante el evento se entregaron 28 certificados a las personas que cumplieron un total de 80 horas acad\u00e9micas en el marco de los ecotalleres. Son 13 beneficiados de&hellip; <a href=\"https:\/\/www.ambienteyenergia.gob.ec\/ambiente\/mae-entrego-certificados-de-promotores-ambientales-comunitarios-en-parroquias-de-la-provincia-de-pastaza\/\">Read more &rarr;<\/a><\/p>\n","protected":false},"author":13,"featured_media":20037,"comment_status":"open","ping_status":"open","sticky":false,"template":"","format":"standard","meta":{"footnotes":""},"categories":[16,4],"tags":[],"class_list":["post-20036","post","type-post","status-publish","format-standard","has-post-thumbnail","hentry","category-comunicamos","category-noticias","xfolkentry"],"_links":{"self":[{"href":"https:\/\/www.ambienteyenergia.gob.ec\/ambiente\/wp-json\/wp\/v2\/posts\/20036","targetHints":{"allow":["GET"]}}],"collection":[{"href":"https:\/\/www.ambienteyenergia.gob.ec\/ambiente\/wp-json\/wp\/v2\/posts"}],"about":[{"href":"https:\/\/www.ambienteyenergia.gob.ec\/ambiente\/wp-json\/wp\/v2\/types\/post"}],"author":[{"embeddable":true,"href":"https:\/\/www.ambienteyenergia.gob.ec\/ambiente\/wp-json\/wp\/v2\/users\/13"}],"replies":[{"embeddable":true,"href":"https:\/\/www.ambienteyenergia.gob.ec\/ambiente\/wp-json\/wp\/v2\/comments?post=20036"}],"version-history":[{"count":0,"href":"https:\/\/www.ambienteyenergia.gob.ec\/ambiente\/wp-json\/wp\/v2\/posts\/20036\/revisions"}],"wp:featuredmedia":[{"embeddable":true,"href":"https:\/\/www.ambienteyenergia.gob.ec\/ambiente\/wp-json\/wp\/v2\/media\/20037"}],"wp:attachment":[{"href":"https:\/\/www.ambienteyenergia.gob.ec\/ambiente\/wp-json\/wp\/v2\/media?parent=20036"}],"wp:term":[{"taxonomy":"category","embeddable":true,"href":"https:\/\/www.ambienteyenergia.gob.ec\/ambiente\/wp-json\/wp\/v2\/categories?post=20036"},{"taxonomy":"post_tag","embeddable":true,"href":"https:\/\/www.ambienteyenergia.gob.ec\/ambiente\/wp-json\/wp\/v2\/tags?post=20036"}],"curies":[{"name":"wp","href":"https:\/\/api.w.org\/{rel}","templated":true}]}}