{"id":20027,"date":"2014-05-13T23:10:36","date_gmt":"2014-05-14T04:10:36","guid":{"rendered":"http:\/\/www.ambiente.gob.ec\/?p=20027"},"modified":"2014-05-13T23:10:36","modified_gmt":"2014-05-14T04:10:36","slug":"mae-conmemoro-el-dia-mundial-de-las-aves-migratorias-2014-en-el-bosque-protector-la-perla","status":"publish","type":"post","link":"https:\/\/www.ambienteyenergia.gob.ec\/ambiente\/mae-conmemoro-el-dia-mundial-de-las-aves-migratorias-2014-en-el-bosque-protector-la-perla\/","title":{"rendered":"MAE conmemor\u00f3 el D\u00eda Mundial de las Aves Migratorias 2014 en el Bosque Protector \u201cLa Perla\u201d"},"content":{"rendered":"<p style=\"text-align: justify;\">Santo Domingo de los Ts\u00e1chilas celebr\u00f3 el D\u00eda Mundial de las Aves Migratorias con un recorrido por uno de los senderos del Bosque Protector La Perla, en el que participaron j\u00f3venes voluntarios del Proyecto Servicio Civil Ciudadano, como parte de una campa\u00f1a de concienciaci\u00f3n liderada por el Ministerio del Ambiente (MAE), que busca la conservaci\u00f3n de estas especies y sus ecosistemas.<\/p>\n<p>En el evento t\u00e9cnicos del MAE realizaron una charla informativa denominada \u201cDestinos Rutas A\u00e9reas: Aves Migratorias y Turismo\u201d, en la que se enfatiz\u00f3 en la importancia que cumplen estas aves en la vida cotidiana de las comunidades locales y la generaci\u00f3n de turismo direccionado hacia la conservaci\u00f3n y desarrollo sostenible.<\/p>\n<p>Durante el trayecto de campo, los visitantes pudieron apreciar la rica biodiversidad con la que cuenta este bosque protector, donde adem\u00e1s se puede realizar la observaci\u00f3n de avifauna nativa como migratoria, destac\u00e1ndose la presencia de colibr\u00edes y de la garza vaquera (Bubulcus ibis). \u00c9sta \u00faltima es un ave migratoria que se encuentra en peligro critico de extinci\u00f3n por varios factores como la fragmentaci\u00f3n de su h\u00e1bitat, el cambio clim\u00e1tico, la cacer\u00eda furtiva entre otros.<\/p>\n<p>Con este tipo de iniciativas, el MAE pretende concienciar a la ciudan\u00eda sobre la importancia que tienen las aves en los ecosistemas.<\/p>\n","protected":false},"excerpt":{"rendered":"<p class=\"excerpt\">Santo Domingo de los Ts\u00e1chilas celebr\u00f3 el D\u00eda Mundial de las Aves Migratorias con un recorrido por uno de los senderos del Bosque Protector La Perla, en el que participaron j\u00f3venes voluntarios del Proyecto Servicio Civil Ciudadano, como parte de una campa\u00f1a de concienciaci\u00f3n liderada por el Ministerio del Ambiente (MAE), que busca la conservaci\u00f3n de estas especies y sus&hellip; <a href=\"https:\/\/www.ambienteyenergia.gob.ec\/ambiente\/mae-conmemoro-el-dia-mundial-de-las-aves-migratorias-2014-en-el-bosque-protector-la-perla\/\">Read more &rarr;<\/a><\/p>\n","protected":false},"author":13,"featured_media":20028,"comment_status":"open","ping_status":"open","sticky":false,"template":"","format":"standard","meta":{"footnotes":""},"categories":[16,4],"tags":[],"class_list":["post-20027","post","type-post","status-publish","format-standard","has-post-thumbnail","hentry","category-comunicamos","category-noticias","xfolkentry"],"_links":{"self":[{"href":"https:\/\/www.ambienteyenergia.gob.ec\/ambiente\/wp-json\/wp\/v2\/posts\/20027","targetHints":{"allow":["GET"]}}],"collection":[{"href":"https:\/\/www.ambienteyenergia.gob.ec\/ambiente\/wp-json\/wp\/v2\/posts"}],"about":[{"href":"https:\/\/www.ambienteyenergia.gob.ec\/ambiente\/wp-json\/wp\/v2\/types\/post"}],"author":[{"embeddable":true,"href":"https:\/\/www.ambienteyenergia.gob.ec\/ambiente\/wp-json\/wp\/v2\/users\/13"}],"replies":[{"embeddable":true,"href":"https:\/\/www.ambienteyenergia.gob.ec\/ambiente\/wp-json\/wp\/v2\/comments?post=20027"}],"version-history":[{"count":0,"href":"https:\/\/www.ambienteyenergia.gob.ec\/ambiente\/wp-json\/wp\/v2\/posts\/20027\/revisions"}],"wp:featuredmedia":[{"embeddable":true,"href":"https:\/\/www.ambienteyenergia.gob.ec\/ambiente\/wp-json\/wp\/v2\/media\/20028"}],"wp:attachment":[{"href":"https:\/\/www.ambienteyenergia.gob.ec\/ambiente\/wp-json\/wp\/v2\/media?parent=20027"}],"wp:term":[{"taxonomy":"category","embeddable":true,"href":"https:\/\/www.ambienteyenergia.gob.ec\/ambiente\/wp-json\/wp\/v2\/categories?post=20027"},{"taxonomy":"post_tag","embeddable":true,"href":"https:\/\/www.ambienteyenergia.gob.ec\/ambiente\/wp-json\/wp\/v2\/tags?post=20027"}],"curies":[{"name":"wp","href":"https:\/\/api.w.org\/{rel}","templated":true}]}}